{"id":330066,"date":"2025-08-19T20:30:18","date_gmt":"2025-08-19T20:30:18","guid":{"rendered":"https:\/\/www.europesays.com\/fr\/330066\/"},"modified":"2025-08-19T20:30:18","modified_gmt":"2025-08-19T20:30:18","slug":"saint-etienne-course-poursuite-de-jusqudans-le-rhone","status":"publish","type":"post","link":"https:\/\/www.europesays.com\/fr\/330066\/","title":{"rendered":"SAINT-\u00c9TIENNE : COURSE-POURSUITE DE JUSQU&rsquo;DANS LE RH\u00d4NE"},"content":{"rendered":"<p>                <a href=\"https:\/\/cadenceradio.fr\" target=\"_blank\" aria-label=\"Banni\u00e8re Cadence 2025\" rel=\"nofollow noopener\"><img loading=\"lazy\" decoding=\"async\" src=\"https:\/\/www.europesays.com\/fr\/wp-content\/uploads\/2025\/07\/Banniere-Cadence-2025-scaled.jpg\" alt=\"\"   width=\"2560\" height=\"738\"\/><\/a><\/p>\n<p>Les forces de l\u2019ordre st\u00e9phanoises ont v\u00e9cu une matin\u00e9e mouvement\u00e9e ce lundi 18 ao\u00fbt. Vers 4 heures du matin, une patrouille de la Brigade anticriminalit\u00e9 tentait d\u2019intercepter un v\u00e9hicule circulant cours Fauriel en direction du rond-point lorsque la situation a bascul\u00e9.<\/p>\n<p>Face \u00e0 l\u2019approche des policiers, le conducteur a choisi la fuite plut\u00f4t que de se soumettre au contr\u00f4le r\u00e9glementaire, d\u00e9clenchant une poursuite \u00e0 grande vitesse qui allait durer plusieurs dizaines de kilom\u00e8tres.<\/p>\n<p>Une fuite spectaculaire sur les grands axes<\/p>\n<p>La poursuite s\u2019est d\u2019abord engag\u00e9e sur la route nationale 88 en direction de Lyon, avant de se poursuivre sur l\u2019autoroute A47. Le fuyard n\u2019a pas h\u00e9sit\u00e9 \u00e0 adopter une conduite particuli\u00e8rement dangereuse pour \u00e9chapper aux forces de l\u2019ordre.<\/p>\n<p>Atteignant des pointes de vitesse de 160 km\/h, l\u2019homme a m\u00eame eu recours \u00e0 l\u2019extinction de ses feux de circulation pour tenter de semer ses poursuivants dans l\u2019obscurit\u00e9 matinale. Cette man\u0153uvre t\u00e9m\u00e9raire t\u00e9moigne de sa d\u00e9termination \u00e0 \u00e9viter l\u2019interpellation.<\/p>\n<p>Arrestation dans une impasse rhodanienne<\/p>\n<p>La cavale s\u2019est finalement achev\u00e9e dans la commune d\u2019Irigny, situ\u00e9e dans le d\u00e9partement du Rh\u00f4ne, apr\u00e8s un parcours de 56 kilom\u00e8tres. Le conducteur s\u2019est retrouv\u00e9 pi\u00e9g\u00e9 dans une voie sans issue, permettant aux forces de l\u2019ordre de proc\u00e9der \u00e0 son arrestation.<\/p>\n<p>Le mis en cause s\u2019av\u00e8re \u00eatre un jeune homme de 20 ans domicili\u00e9 dans la vall\u00e9e du Gier, dont les infractions multiples expliquent probablement sa r\u00e9ticence \u00e0 se soumettre au contr\u00f4le initial.<\/p>\n<p>Un cumul d\u2019infractions graves<\/p>\n<p>L\u2019examen de la situation du conducteur a r\u00e9v\u00e9l\u00e9 un ensemble d\u2019infractions particuli\u00e8rement pr\u00e9occupant. L\u2019homme circulait malgr\u00e9 une suspension de son permis de conduire, au volant d\u2019un v\u00e9hicule d\u00e9pourvu d\u2019assurance, et pr\u00e9sentait un taux d\u2019alcool\u00e9mie de 1,34 gramme par litre de sang.<\/p>\n<p>Durant cette course-poursuite p\u00e9rilleuse, une jeune femme se trouvait \u00e0 bord du v\u00e9hicule en qualit\u00e9 de passag\u00e8re. Les policiers l\u2019ont d\u00e9couverte dans un \u00e9tat de stress important \u00e0 l\u2019issue de cet \u00e9pisode qu\u2019elle venait de subir malgr\u00e9 elle.<\/p>\n<p>Le jeune conducteur a \u00e9t\u00e9 plac\u00e9 en garde \u00e0 vue et devra prochainement r\u00e9pondre de ses actes devant un magistrat. Il encourt des sanctions s\u00e9v\u00e8res compte tenu de la gravit\u00e9 et du nombre d\u2019infractions constat\u00e9es lors de cette interpellation mouvement\u00e9e.<\/p>\n","protected":false},"excerpt":{"rendered":"Les forces de l\u2019ordre st\u00e9phanoises ont v\u00e9cu une matin\u00e9e mouvement\u00e9e ce lundi 18 ao\u00fbt. Vers 4 heures du&hellip;\n","protected":false},"author":2,"featured_media":330067,"comment_status":"","ping_status":"","sticky":false,"template":"","format":"standard","meta":{"footnotes":""},"categories":[9653],"tags":[1111,11,2430,1777,674,118,1011,27,3367,12,25,4001],"class_list":{"0":"post-330066","1":"post","2":"type-post","3":"status-publish","4":"format-standard","5":"has-post-thumbnail","7":"category-saint-etienne","8":"tag-actu","9":"tag-actualites","10":"tag-auvergne-rhone-alpes","11":"tag-eu","12":"tag-europe","13":"tag-faits-divers","14":"tag-fr","15":"tag-france","16":"tag-loire","17":"tag-news","18":"tag-republique-francaise","19":"tag-saint-etienne"},"share_on_mastodon":{"url":"https:\/\/pubeurope.com\/@fr\/115057329853645772","error":""},"_links":{"self":[{"href":"https:\/\/www.europesays.com\/fr\/wp-json\/wp\/v2\/posts\/330066","targetHints":{"allow":["GET"]}}],"collection":[{"href":"https:\/\/www.europesays.com\/fr\/wp-json\/wp\/v2\/posts"}],"about":[{"href":"https:\/\/www.europesays.com\/fr\/wp-json\/wp\/v2\/types\/post"}],"author":[{"embeddable":true,"href":"https:\/\/www.europesays.com\/fr\/wp-json\/wp\/v2\/users\/2"}],"replies":[{"embeddable":true,"href":"https:\/\/www.europesays.com\/fr\/wp-json\/wp\/v2\/comments?post=330066"}],"version-history":[{"count":0,"href":"https:\/\/www.europesays.com\/fr\/wp-json\/wp\/v2\/posts\/330066\/revisions"}],"wp:featuredmedia":[{"embeddable":true,"href":"https:\/\/www.europesays.com\/fr\/wp-json\/wp\/v2\/media\/330067"}],"wp:attachment":[{"href":"https:\/\/www.europesays.com\/fr\/wp-json\/wp\/v2\/media?parent=330066"}],"wp:term":[{"taxonomy":"category","embeddable":true,"href":"https:\/\/www.europesays.com\/fr\/wp-json\/wp\/v2\/categories?post=330066"},{"taxonomy":"post_tag","embeddable":true,"href":"https:\/\/www.europesays.com\/fr\/wp-json\/wp\/v2\/tags?post=330066"}],"curies":[{"name":"wp","href":"https:\/\/api.w.org\/{rel}","templated":true}]}}