{"id":330070,"date":"2025-08-19T20:33:52","date_gmt":"2025-08-19T20:33:52","guid":{"rendered":"https:\/\/www.europesays.com\/fr\/330070\/"},"modified":"2025-08-19T20:33:52","modified_gmt":"2025-08-19T20:33:52","slug":"jolagreen23-mairo-jungle-jack-asinine-2025","status":"publish","type":"post","link":"https:\/\/www.europesays.com\/fr\/330070\/","title":{"rendered":"Jolagreen23 \/ Mairo \/ Jungle Jack \/ Asinine 2025"},"content":{"rendered":"<p><strong style=\"color:#0000ff;\">JOLAGREEN23 <\/strong>(Rap \/ France)<\/p>\n<p><img decoding=\"async\" loading=\"lazy\" src=\"https:\/\/www.europesays.com\/fr\/wp-content\/uploads\/2025\/08\/Jolagreen231_300.jpg\" alt=\"Jolagreen23 \/ Mairo \/ Jungle Jack \/ Asinine\" class=\"border\"\/><\/p>\n<p>De ses ann\u00e9es pass\u00e9es sur les playgrounds, JOLAGREEN23 a conserv\u00e9 le style et l&rsquo;attitude. Son rap se distingue par sa fluidit\u00e9, son phras\u00e9 rebondit sur les rythmiques drill avec l&rsquo;aisance d&rsquo;un ballon sur le bitume. Ses paroles percutent les hi-hats comme un tir transperce le filet, et sa voix puissante s&rsquo;impose sur les kicks \u00e0 l&rsquo;image d&rsquo;un dunk ravageur.<\/p>\n<p><strong style=\"color:#0000ff;\">MAIRO <\/strong>(Rap \/ Suisse)<\/p>\n<p>Le rappeur suisse d&rsquo;origine \u00e9rythr\u00e9enne Mairo, actif depuis ses 13 ans, s&rsquo;est rapidement impos\u00e9 dans le rap francophone avec plusieurs projets \u00e0 succ\u00e8s cumulant plus de 10 millions d&rsquo;\u00e9coutes et une tourn\u00e9e compl\u00e8te. Surnomm\u00e9 le maire de Gen\u00e8ve et l&rsquo;aventurier sans son aventuri\u00e8re, il est reconnu pour sa pr\u00e9sence sc\u00e9nique magn\u00e9tique et son hommage vibrant \u00e0 ses racines d&rsquo;Afrique de l&rsquo;Est.<\/p>\n<p><strong style=\"color:#0000ff;\">JUNGLE JACK <\/strong>(Rap \/ France)<\/p>\n<p>JUNGLE JACK, \u00e9toile montante du rap fran\u00e7ais, a conquis la sc\u00e8ne avec son flow rapide et puissant. Connu auparavant sous le nom de Jack Furaxx depuis 2012, c&rsquo;est aujourd&rsquo;hui, en 2025, que son flow rapide et puissant le propulse sur le devant de la sc\u00e8ne.<\/p>\n<p><strong style=\"color:#0000ff;\">ASININE <\/strong>(Rap \/ France)<\/p>\n<p>Tim Levach\u00e9 pr\u00e9sente Asinine, artiste \u00e0 l&rsquo;\u00e9criture m\u00e9taphorique et \u00e0 la musique exp\u00e9rimentale. En 2022, elle sort les EPs\u00a0\u00ab\u00a0C&rsquo;est les autres\u00a0\u00bb et\u00a0\u00ab\u00a0Tout va bien\u00a0\u00bb, puis \u00e9largit son \u00e9quipe avec sa s\u0153ur Charlotte. Apr\u00e8s les singles\u00a0\u00ab\u00a0XIII\u00a0\u00bb,\u00a0\u00ab\u00a0Demi Moore\u00a0\u00bb et\u00a0\u00ab\u00a0Vivement quoi\u00a0\u00bb, elle a sorti en 2024 l&rsquo;EP\u00a0\u00ab\u00a0Br\u00fbler la maison\u00a0\u00bb, six titres aux influences vari\u00e9es, abordant \u00e9motions vives et disputes familiales, visant \u00e0 apaiser un pass\u00e9 douloureux.<\/p>\n<p class=\"font-size-30 fw-bold lh-1 mt-0 mb-4\">Je trouve les meilleures sorties dans ma ville<\/p>\n","protected":false},"excerpt":{"rendered":"JOLAGREEN23 (Rap \/ France) De ses ann\u00e9es pass\u00e9es sur les playgrounds, JOLAGREEN23 a conserv\u00e9 le style et l&rsquo;attitude.&hellip;\n","protected":false},"author":2,"featured_media":330071,"comment_status":"","ping_status":"","sticky":false,"template":"","format":"standard","meta":{"footnotes":""},"categories":[9635],"tags":[1111,11,1777,674,1011,27,775,1702,12,25],"class_list":{"0":"post-330070","1":"post","2":"type-post","3":"status-publish","4":"format-standard","5":"has-post-thumbnail","7":"category-nancy","8":"tag-actu","9":"tag-actualites","10":"tag-eu","11":"tag-europe","12":"tag-fr","13":"tag-france","14":"tag-grand-est","15":"tag-nancy","16":"tag-news","17":"tag-republique-francaise"},"share_on_mastodon":{"url":"https:\/\/pubeurope.com\/@fr\/115057345415878584","error":""},"_links":{"self":[{"href":"https:\/\/www.europesays.com\/fr\/wp-json\/wp\/v2\/posts\/330070","targetHints":{"allow":["GET"]}}],"collection":[{"href":"https:\/\/www.europesays.com\/fr\/wp-json\/wp\/v2\/posts"}],"about":[{"href":"https:\/\/www.europesays.com\/fr\/wp-json\/wp\/v2\/types\/post"}],"author":[{"embeddable":true,"href":"https:\/\/www.europesays.com\/fr\/wp-json\/wp\/v2\/users\/2"}],"replies":[{"embeddable":true,"href":"https:\/\/www.europesays.com\/fr\/wp-json\/wp\/v2\/comments?post=330070"}],"version-history":[{"count":0,"href":"https:\/\/www.europesays.com\/fr\/wp-json\/wp\/v2\/posts\/330070\/revisions"}],"wp:featuredmedia":[{"embeddable":true,"href":"https:\/\/www.europesays.com\/fr\/wp-json\/wp\/v2\/media\/330071"}],"wp:attachment":[{"href":"https:\/\/www.europesays.com\/fr\/wp-json\/wp\/v2\/media?parent=330070"}],"wp:term":[{"taxonomy":"category","embeddable":true,"href":"https:\/\/www.europesays.com\/fr\/wp-json\/wp\/v2\/categories?post=330070"},{"taxonomy":"post_tag","embeddable":true,"href":"https:\/\/www.europesays.com\/fr\/wp-json\/wp\/v2\/tags?post=330070"}],"curies":[{"name":"wp","href":"https:\/\/api.w.org\/{rel}","templated":true}]}}