{"id":330078,"date":"2025-08-19T20:37:19","date_gmt":"2025-08-19T20:37:19","guid":{"rendered":"https:\/\/www.europesays.com\/fr\/330078\/"},"modified":"2025-08-19T20:37:19","modified_gmt":"2025-08-19T20:37:19","slug":"vol-dun-velo-electrique-estime-a-3-500-euros-a-montpellier-geolocalisation-video-et-arrestation-dun-etranger-en-situation-irreguliere","status":"publish","type":"post","link":"https:\/\/www.europesays.com\/fr\/330078\/","title":{"rendered":"Vol d\u2019un v\u00e9lo \u00e9lectrique estim\u00e9 \u00e0 3\u00a0500\u00a0euros \u00e0 Montpellier\u00a0: g\u00e9olocalisation, vid\u00e9o et arrestation d\u2019un \u00e9tranger en situation irr\u00e9guli\u00e8re"},"content":{"rendered":"<p>\n                                                                Gr\u00e2ce \u00e0 la perspicacit\u00e9 de la victime, l\u2019auteur pr\u00e9sum\u00e9 a \u00e9t\u00e9 interpell\u00e9. Il s\u2019agit d\u2019un Alg\u00e9rien de 32 ans en situation irr\u00e9guli\u00e8re sur le territoire fran\u00e7ais. Malheureusement, le deux-roues n\u2019a pas \u00e9t\u00e9 retrouv\u00e9.\n                            <\/p>\n<p>Victime du vol de son v\u00e9lo \u00e9lectrique stationn\u00e9 devant son entreprise, implant\u00e9e dans le quartier Tournezy, le mercredi 13\u00a0ao\u00fbt aux alentours de 16\u00a0heures, un Montpelli\u00e9rain a permis l\u2019interpellation du mis en cause gr\u00e2ce \u00e0 la g\u00e9olocalisation de son deux-roues.<\/p>\n<p>Tout d\u2019abord, d\u00e8s le lendemain des faits, il s\u2019est rendu au commissariat pour d\u00e9poser plainte, indiquant\u00a0que son v\u00e9lo, d\u2019une valeur de 3\u00a0500\u00a0euros, \u00e9tait \u00e9quip\u00e9 d\u2019un dispositif de g\u00e9olocalisation. En outre, il a expliqu\u00e9 qu\u2019il avait pu r\u00e9cup\u00e9rer une vid\u00e9o de surveillance montrant distinctement l\u2019auteur du vol.<\/p>\n<p>Deux jours plus tard, soit le samedi 16\u00a0ao\u00fbt, il a repris contact avec les policiers pour les pr\u00e9venir que son deux-roues\u00a0apparaissait dans le quartier de La Rauze, au sud de la ville. Sur place, il a rep\u00e9r\u00e9\u00a0un individu ressemblant fortement \u00e0 l\u2019homme film\u00e9 lors du vol. Une discussion s\u2019est engag\u00e9e entre les deux\u00a0mais l\u2019int\u00e9ress\u00e9 a ni\u00e9\u00a0les faits en bloc. Il a alors imm\u00e9diatement appel\u00e9 le \u00ab\u00a017\u00a0\u00bb. Les policiers sont arriv\u00e9s sur site\u00a0et, apr\u00e8s avoir visionn\u00e9\u00a0ladite vid\u00e9o, ont interpell\u00e9 le suspect avant de le placer en garde \u00e0 vue.<\/p>\n<p>Le v\u00e9lo n\u2019a pas \u00e9t\u00e9 retrouv\u00e9<\/p>\n<p>Lors de son audition, cet Alg\u00e9rien de 32 ans, sans domicile fixe et travaillant comme livreur, a d\u2019abord donn\u00e9 une fausse identit\u00e9 avant de se raviser. Il a expliqu\u00e9, pour se justifier, avoir eu peur de la police. Concernant les faits de vol, il a ni\u00e9 en bloc malgr\u00e9 les preuves qui semblaient irr\u00e9futables. Malheureusement, le deux-roues n\u2019a pas \u00e9t\u00e9 retrouv\u00e9.<\/p>\n<p>En situation irr\u00e9guli\u00e8re sur le territoire national, le trentenaire a fait l\u2019objet d\u2019une obligation de quitter la France (OQTF) ainsi que d\u2019une interdiction de para\u00eetre pendant six mois \u00e0 Montpellier.<\/p>\n","protected":false},"excerpt":{"rendered":"Gr\u00e2ce \u00e0 la perspicacit\u00e9 de la victime, l\u2019auteur pr\u00e9sum\u00e9 a \u00e9t\u00e9 interpell\u00e9. Il s\u2019agit d\u2019un Alg\u00e9rien de 32&hellip;\n","protected":false},"author":2,"featured_media":330079,"comment_status":"","ping_status":"","sticky":false,"template":"","format":"standard","meta":{"footnotes":""},"categories":[9599],"tags":[1111,11,1777,674,1011,27,2208,12,2680,25],"class_list":{"0":"post-330078","1":"post","2":"type-post","3":"status-publish","4":"format-standard","5":"has-post-thumbnail","7":"category-montpellier","8":"tag-actu","9":"tag-actualites","10":"tag-eu","11":"tag-europe","12":"tag-fr","13":"tag-france","14":"tag-montpellier","15":"tag-news","16":"tag-occitanie","17":"tag-republique-francaise"},"share_on_mastodon":{"url":"https:\/\/pubeurope.com\/@fr\/115057357124210285","error":""},"_links":{"self":[{"href":"https:\/\/www.europesays.com\/fr\/wp-json\/wp\/v2\/posts\/330078","targetHints":{"allow":["GET"]}}],"collection":[{"href":"https:\/\/www.europesays.com\/fr\/wp-json\/wp\/v2\/posts"}],"about":[{"href":"https:\/\/www.europesays.com\/fr\/wp-json\/wp\/v2\/types\/post"}],"author":[{"embeddable":true,"href":"https:\/\/www.europesays.com\/fr\/wp-json\/wp\/v2\/users\/2"}],"replies":[{"embeddable":true,"href":"https:\/\/www.europesays.com\/fr\/wp-json\/wp\/v2\/comments?post=330078"}],"version-history":[{"count":0,"href":"https:\/\/www.europesays.com\/fr\/wp-json\/wp\/v2\/posts\/330078\/revisions"}],"wp:featuredmedia":[{"embeddable":true,"href":"https:\/\/www.europesays.com\/fr\/wp-json\/wp\/v2\/media\/330079"}],"wp:attachment":[{"href":"https:\/\/www.europesays.com\/fr\/wp-json\/wp\/v2\/media?parent=330078"}],"wp:term":[{"taxonomy":"category","embeddable":true,"href":"https:\/\/www.europesays.com\/fr\/wp-json\/wp\/v2\/categories?post=330078"},{"taxonomy":"post_tag","embeddable":true,"href":"https:\/\/www.europesays.com\/fr\/wp-json\/wp\/v2\/tags?post=330078"}],"curies":[{"name":"wp","href":"https:\/\/api.w.org\/{rel}","templated":true}]}}