{"id":330088,"date":"2025-08-19T20:45:25","date_gmt":"2025-08-19T20:45:25","guid":{"rendered":"https:\/\/www.europesays.com\/fr\/330088\/"},"modified":"2025-08-19T20:45:25","modified_gmt":"2025-08-19T20:45:25","slug":"a-strasbourg-on-a-leve-le-nez-pour-observer-les-oiseaux","status":"publish","type":"post","link":"https:\/\/www.europesays.com\/fr\/330088\/","title":{"rendered":"\u00e0 Strasbourg, on a lev\u00e9 le nez pour observer les oiseaux !"},"content":{"rendered":"<p><strong>Pour d\u00e9couvrir la faune sauvage, il n\u2019est pas n\u00e9cessaire de fuir Strasbourg. Avec la LPO, la Ligue pour la protection des oiseaux, la balade naturaliste commence au bout d\u2019une rue. Immersion.\u00a0<\/strong><\/p>\n<p><strong>\u00ab \u00c9coutez ! \u00bb Marc Keller tend la main en l\u2019air, le silence se fait dans le petit groupe.<\/strong> Rou\u2026 Rou\u2026 \u00ab Deux \u2018rou\u2019, c\u2019est un pigeon colombin. \u00bb Le charg\u00e9 de mission biodiversit\u00e9 \u00e0 la LPO dirige alors sa longue-vue vers la cime d\u2019un platane, observe et invite le groupe \u00e0 venir regarder dans l\u2019appareil. <b>\u00ab <\/b><b>Pour voir, il faut commencer par \u00e9couter. <\/b><b>\u00bb<\/b><\/p>\n<p>Perch\u00e9 sur une branche, \u00e0 demi dissimul\u00e9 derri\u00e8re l\u2019\u00e9pais feuillage de l\u2019arbre, <strong>un petit pigeon gris<\/strong>.<\/p>\n<p>    <img width=\"800\" height=\"533\" src=\"https:\/\/www.europesays.com\/fr\/wp-content\/uploads\/2025\/08\/dsc-5209-800x533.jpg\" class=\"attachment-image-size-L size-image-size-L\" alt=\"LPO balade nature ville oiseau oiseaux ornithologie observation faune orangerie\" decoding=\"async\" loading=\"lazy\"  \/>         \u00a9 Mathilde Cybulski \/ Pokaa <\/p>\n<p>Cousin du pigeon des villes, le pigeon colombin niche dans le creux des arbres et se reconnait \u00e0 ses yeux noirs. <b>\u00ab <\/b><b>C\u2019est une esp\u00e8ce qui passe beaucoup de temps dans les cimes, <\/b><b>explique Nicolas Buhrel, lui aussi charg\u00e9 de mission \u00e0 la LPO. <\/b><b>Il est donc assez difficile \u00e0 observer. <\/b><b>\u00bb<\/b> Comme pour donner raison \u00e0 l\u2019ornithologue, le petit oiseau saute sur une autre branche et disparait du regard.<\/p>\n<p>    <img width=\"400\" height=\"600\" src=\"https:\/\/www.europesays.com\/fr\/wp-content\/uploads\/2025\/08\/dsc-5263-400x600.jpg\" class=\"attachment-image-size-M size-image-size-M\" alt=\"LPO balade nature ville oiseau oiseaux ornithologie observation faune orangerie\" decoding=\"async\" loading=\"lazy\"  \/>         Nicolas Buhrel, charg\u00e9 de mission \u00e0 la LPO Alsace. \u00a9 Mathilde Cybulski \/ Pokaa <\/p>\n<p>\u00ab C\u2019est un endroit formidable pour observer la faune sauvage \u00bb <\/p>\n<p>\u00ab Bon, on arr\u00eate de vous saouler avec nos pigeons. \u00bb Marc range la longue-vue et invite le petit groupe \u00e0 le suivre. Ce matin, avec son coll\u00e8gue Nicolas, ils animent un atelier \u00e0 la d\u00e9couverte des oiseaux du parc de l\u2019Orangerie.<strong> Plus de 15 passionn\u00e9(e)s sont venu(e)s profiter de la balade<\/strong> et observer les oiseaux avec les deux ornithologues.<\/p>\n<p>\u00ab <b>Ce qui est int\u00e9ressant dans un parc comme celui-ci, c\u2019est que cela nous permet de montrer que m\u00eame en pleine ville, on peut rencontrer de nombreuses esp\u00e8ces<\/b>, explique Nicolas. C\u2019est vraiment un endroit formidable pour observer la faune sauvage. \u00bb<\/p>\n<p>                <a href=\"https:\/\/pokaa.fr\/2025\/07\/24\/dans-lintimite-du-parc-de-lorangerie-entre-ecrin-de-verdure-cigognes-et-petites-barques\/\" target=\"_blank\" rel=\"noopener\"><br \/>\n                    <img width=\"450\" height=\"270\" src=\"https:\/\/www.europesays.com\/fr\/wp-content\/uploads\/2025\/08\/a1-450x270.png\" class=\"attachment-card-horizontal--same-subject size-card-horizontal--same-subject wp-post-image\" alt=\"\" decoding=\"async\" loading=\"lazy\"\/>                <\/a><\/p>\n<p>                <img width=\"750\" height=\"500\" src=\"https:\/\/www.europesays.com\/fr\/wp-content\/uploads\/2025\/08\/dsc-5293-750x500.jpg\" class=\"attachment-gallery size-gallery\" alt=\"LPO balade nature ville oiseau oiseaux ornithologie observation faune orangerie\" data-full-url=\"https:\/\/pokaa.fr\/wp-content\/uploads\/2025\/08\/12\/dsc-5293.jpg\" decoding=\"async\" loading=\"lazy\"  \/>            <\/p>\n<p>                <img width=\"750\" height=\"500\" src=\"https:\/\/www.europesays.com\/fr\/wp-content\/uploads\/2025\/08\/dsc-5282-750x500.jpg\" class=\"attachment-gallery size-gallery\" alt=\"LPO balade nature ville oiseau oiseaux ornithologie observation faune orangerie\" data-full-url=\"https:\/\/pokaa.fr\/wp-content\/uploads\/2025\/08\/12\/dsc-5282.jpg\" decoding=\"async\" loading=\"lazy\"  \/>            <\/p>\n<p>                    \u00a9 Mathilde Cybulski \/ Pokaa<\/p>\n<p>Corneilles noires, m\u00e9sanges bleues, hirondelles, pies, \u00e9tourneaux sansonnets\u2026 <b>\u00ab <\/b><b>On trouve plusieurs dizaines d\u2019esp\u00e8ces d\u2019oiseaux qui vivent dans le parc ou en lien avec lui <\/b><b>\u00bb<\/b>, explique Nicolas. Si on compte les oiseaux de passage, on peut arriver \u00e0 une centaine d\u2019esp\u00e8ces diff\u00e9rentes. \u00bb<\/p>\n<p>Pour l\u2019ornithologue, Strasbourg est un lieu parfait pour apprendre \u00e0 observer les oiseaux. \u00ab <b>Tous les parcs de Strasbourg sont int\u00e9ressants, il y a aussi la for\u00eat du Neuhof, celle de la Robertsau et les berges du Rhin.<\/b> Un peu plus loin, la r\u00e9serve du Rohrschollen ou encore le canal de la Bruche. <b>Ce ne sont que des endroits qui sont accessibles en transport en commun ou \u00e0 v\u00e9lo.<\/b>\u00a0\u00bb<\/p>\n<p>                <img width=\"750\" height=\"500\" src=\"https:\/\/www.europesays.com\/fr\/wp-content\/uploads\/2025\/08\/dsc-5578-750x500.jpg\" class=\"attachment-gallery size-gallery\" alt=\"LPO balade nature ville oiseau oiseaux ornithologie observation faune orangerie\" data-full-url=\"https:\/\/pokaa.fr\/wp-content\/uploads\/2025\/08\/12\/dsc-5578.jpg\" decoding=\"async\" loading=\"lazy\"  \/>            <\/p>\n<p>                <img width=\"750\" height=\"500\" src=\"https:\/\/www.europesays.com\/fr\/wp-content\/uploads\/2025\/08\/dsc-5638-750x500.jpg\" class=\"attachment-gallery size-gallery\" alt=\"LPO balade nature ville oiseau oiseaux ornithologie observation faune orangerie\" data-full-url=\"https:\/\/pokaa.fr\/wp-content\/uploads\/2025\/08\/12\/dsc-5638.jpg\" decoding=\"async\" loading=\"lazy\"  \/>            <\/p>\n<p>                <img width=\"750\" height=\"500\" src=\"https:\/\/www.europesays.com\/fr\/wp-content\/uploads\/2025\/08\/dsc-5372-750x500.jpg\" class=\"attachment-gallery size-gallery\" alt=\"LPO balade nature ville oiseau oiseaux ornithologie observation faune orangerie\" data-full-url=\"https:\/\/pokaa.fr\/wp-content\/uploads\/2025\/08\/12\/dsc-5372.jpg\" decoding=\"async\" loading=\"lazy\"  \/>            <\/p>\n<p>                    Un jeune merle, un canard col-vert (avec son plumage d&rsquo;\u00e9clipse) et un couple de cigognes. \u00a9 Mathilde Cybulski \/ Pokaa<\/p>\n<p>\u00ab L\u2019observation de la nature, c\u2019est apprendre \u00e0 regarder \u00bb<\/p>\n<p>Marc poursuit la balade dans les all\u00e9es du parc. Tendant l\u2019oreille, \u00ab l\u00e0,<strong> il y a une m\u00e9sange charbonni\u00e8re<\/strong> qui a chant\u00e9 sur deux notes \u00bb. Ou, d\u00e9signant un arbre, \u00ab dans quelques semaines, quand les figues seront m\u00fbres, vous verrez des fauvettes \u00e0 t\u00eate noire \u00e0 proximit\u00e9 \u00bb.<\/p>\n<p>Pour chaque oiseau \u00e9voqu\u00e9, Marc sort son t\u00e9l\u00e9phone pour faire \u00e9couter un enregistrement de son chant. \u00ab <b>Avec les oiseaux, l\u2019\u00e9coute est tr\u00e8s importante, <\/b><b>explique Nicolas.<\/b><b> Avec un peu de pratique, on peut les diff\u00e9rencier \u00e0 l\u2019oreille.<\/b> Souvent, au printemps et en \u00e9t\u00e9, on entend plus que l\u2019on observe \u00e0 cause du feuillage des arbres.\u00a0\u00bb<\/p>\n<p>                <img width=\"750\" height=\"500\" src=\"https:\/\/www.europesays.com\/fr\/wp-content\/uploads\/2025\/08\/dsc-5238-750x500.jpg\" class=\"attachment-gallery size-gallery\" alt=\"LPO balade nature ville oiseau oiseaux ornithologie observation faune orangerie\" data-full-url=\"https:\/\/pokaa.fr\/wp-content\/uploads\/2025\/08\/12\/dsc-5238.jpg\" decoding=\"async\" loading=\"lazy\"  \/>            <\/p>\n<p>                <img width=\"750\" height=\"500\" src=\"https:\/\/www.europesays.com\/fr\/wp-content\/uploads\/2025\/08\/dsc-5275-750x500.jpg\" class=\"attachment-gallery size-gallery\" alt=\"LPO balade nature ville oiseau oiseaux ornithologie observation faune orangerie\" data-full-url=\"https:\/\/pokaa.fr\/wp-content\/uploads\/2025\/08\/12\/dsc-5275.jpg\" decoding=\"async\" loading=\"lazy\"  \/>            <\/p>\n<p>                    \u00a9 Mathilde Cybulski \/ Pokaa<\/p>\n<p>\u00ab Ce qui est int\u00e9ressant, c\u2019est aussi de remarquer quelles esp\u00e8ces sont absentes, poursuit l\u2019ornithologue. Il y a quelques semaines, on aurait vu des martinets \u00e0 t\u00eate noire, ils nichent dans les b\u00e2timents autour et viennent se nourrir dans le parc. \u00bb <\/p>\n<p><b>Esp\u00e8ce migratrice, ces martinets ne passent que trois mois en ville avant de repartir vers l\u2019Afrique. <\/b>\u00ab Ils sont d\u00e9j\u00e0 en train de se rassembler pour la migration. <b>C\u2019est une esp\u00e8ce qui a la particularit\u00e9 de ne se poser que pour nicher, ils mangent et dorment en volant.<\/b>\u00a0\u00bb<\/p>\n<p>                <img width=\"750\" height=\"500\" src=\"https:\/\/www.europesays.com\/fr\/wp-content\/uploads\/2025\/08\/dsc-2139-750x500.jpg\" class=\"attachment-gallery size-gallery\" alt=\"LPO balade nature ville oiseau oiseaux ornithologie observation faune orangerie\" data-full-url=\"https:\/\/pokaa.fr\/wp-content\/uploads\/2025\/08\/12\/dsc-2139.jpg\" decoding=\"async\" loading=\"lazy\"  \/>            <\/p>\n<p>                <img width=\"750\" height=\"500\" src=\"https:\/\/www.europesays.com\/fr\/wp-content\/uploads\/2025\/08\/dsc-1856-750x500.jpg\" class=\"attachment-gallery size-gallery\" alt=\"LPO balade nature ville oiseau oiseaux ornithologie observation faune orangerie\" data-full-url=\"https:\/\/pokaa.fr\/wp-content\/uploads\/2025\/08\/12\/dsc-1856.jpg\" decoding=\"async\" loading=\"lazy\"  \/>            <\/p>\n<p>                    Un pigeon ramier et un go\u00e9land leucoph\u00e9e. \u00a9 Mathilde Cybulski \/ Pokaa<\/p>\n<p>    <img width=\"800\" height=\"533\" src=\"https:\/\/www.europesays.com\/fr\/wp-content\/uploads\/2025\/08\/dsc-1904-800x533.jpg\" class=\"attachment-image-size-L size-image-size-L\" alt=\"LPO balade nature ville oiseau oiseaux ornithologie observation faune orangerie\" decoding=\"async\" loading=\"lazy\"  \/>         Des pigeons bisets ou pigeons des villes. \u00a9 Mathilde Cybulski \/ Pokaa <\/p>\n<p>Au titre des absents, une autre esp\u00e8ce migratrice : les pinsons du Nord. \u00ab Eux, viennent passer l\u2019hiver chez nous. <b>Pour ces oiseaux qui vivent en Scandinavie, l\u2019Alsace c\u2019est d\u00e9j\u00e0 le sud.<\/b> \u00bb<\/p>\n<p>Pour Nicolas, pas besoin d\u2019aller se perdre \u00e0 l\u2019autre bout du monde pour commencer \u00e0 d\u00e9couvrir les oiseaux. \u00ab <b>L\u2019observation de la nature, c\u2019est apprendre \u00e0 regarder. <\/b>Le mieux pour commencer, c\u2019est de faire cela en groupe comme ce matin. Sur Strasbourg, il y a un groupe local de la LPO qui organise des sorties et un groupe jeune qui est en train de se monter. \u00bb<\/p>\n<p>                <img width=\"750\" height=\"500\" src=\"https:\/\/www.europesays.com\/fr\/wp-content\/uploads\/2025\/08\/dsc-5384-750x500.jpg\" class=\"attachment-gallery size-gallery\" alt=\"LPO balade nature ville oiseau oiseaux ornithologie observation faune orangerie\" data-full-url=\"https:\/\/pokaa.fr\/wp-content\/uploads\/2025\/08\/12\/dsc-5384.jpg\" decoding=\"async\" loading=\"lazy\"  \/>            <\/p>\n<p>                <img width=\"750\" height=\"500\" src=\"https:\/\/www.europesays.com\/fr\/wp-content\/uploads\/2025\/08\/dsc-5501-750x500.jpg\" class=\"attachment-gallery size-gallery\" alt=\"LPO balade nature ville oiseau oiseaux ornithologie observation faune orangerie\" data-full-url=\"https:\/\/pokaa.fr\/wp-content\/uploads\/2025\/08\/12\/dsc-5501.jpg\" decoding=\"async\" loading=\"lazy\"  \/>            <\/p>\n<p>                <img width=\"333\" height=\"500\" src=\"https:\/\/www.europesays.com\/fr\/wp-content\/uploads\/2025\/08\/dsc-5492-333x500.jpg\" class=\"attachment-gallery size-gallery\" alt=\"LPO balade nature ville oiseau oiseaux ornithologie observation faune orangerie\" data-full-url=\"https:\/\/pokaa.fr\/wp-content\/uploads\/2025\/08\/12\/dsc-5492.jpg\" decoding=\"async\" loading=\"lazy\"  \/>            <\/p>\n<p>                <img width=\"333\" height=\"500\" src=\"https:\/\/www.europesays.com\/fr\/wp-content\/uploads\/2025\/08\/dsc-5546-333x500.jpg\" class=\"attachment-gallery size-gallery\" alt=\"LPO balade nature ville oiseau oiseaux ornithologie observation faune orangerie\" data-full-url=\"https:\/\/pokaa.fr\/wp-content\/uploads\/2025\/08\/12\/dsc-5546.jpg\" decoding=\"async\" loading=\"lazy\"  \/>            <\/p>\n<p>                    \u00a9 Mathilde Cybulski \/ Pokaa<\/p>\n<p>La ville comme refuge<\/p>\n<p><b>Si les pigeons sont l\u2019esp\u00e8ce embl\u00e9matique des villes, une autre d\u00e9fraye r\u00e9guli\u00e8rement la chronique \u00e0 Strasbourg depuis quelques ann\u00e9es : les \u00e9tourneaux.<\/b> Vivant en colonies de centaines d\u2019individus et particuli\u00e8rement bruyants, leur installation dans un quartier ne passe pas inaper\u00e7ue et a le don d\u2019agacer les riverains humains.<\/p>\n<p>\u00ab C\u2019est une esp\u00e8ce qui normalement niche dans les roseli\u00e8res, mais comme il n\u2019y en a plus, ils vont dans les champs de ma\u00efs, explique Nicolas. <b>Quand les ma\u00efs sont coup\u00e9s, ils viennent s\u2019installer en ville. On change leur milieu naturel, donc ils s\u2019adaptent. <\/b>\u00bb <\/p>\n<p>                <img width=\"750\" height=\"500\" src=\"https:\/\/www.europesays.com\/fr\/wp-content\/uploads\/2025\/08\/dsc-2154-750x500.jpg\" class=\"attachment-gallery size-gallery\" alt=\"LPO balade nature ville oiseau oiseaux ornithologie observation faune orangerie\" data-full-url=\"https:\/\/pokaa.fr\/wp-content\/uploads\/2025\/08\/12\/dsc-2154.jpg\" decoding=\"async\" loading=\"lazy\"  \/>            <\/p>\n<p>                <img width=\"750\" height=\"500\" src=\"https:\/\/www.europesays.com\/fr\/wp-content\/uploads\/2025\/08\/dsc-2211-750x500.jpg\" class=\"attachment-gallery size-gallery\" alt=\"LPO balade nature ville oiseau oiseaux ornithologie observation faune orangerie\" data-full-url=\"https:\/\/pokaa.fr\/wp-content\/uploads\/2025\/08\/12\/dsc-2211.jpg\" decoding=\"async\" loading=\"lazy\"  \/>            <\/p>\n<p>                    Un moineau domestique et une ouette d&rsquo;Egypte. \u00a9 Mathilde Cybulski \/ Pokaa<\/p>\n<p>Depuis plusieurs ann\u00e9es, les naturalistes observent que de plus en plus d\u2019esp\u00e8ces sauvages s\u2019installent en ville. <b>\u00ab <\/b><b>En r\u00e9alisant des comptages, on observe un mouvement vers les zones habit\u00e9es. \u00c0 la campagne, l\u2019utilisation du milieu est tr\u00e8s intensive, finalement, il reste peu d\u2019espaces qui ne soient pas utilis\u00e9s pour les activit\u00e9s humaines.<\/b><b> \u00bb<\/b> <\/p>\n<p>Dans les parcs et les jardins des zones pavillonnaires, de nombreuses esp\u00e8ces retrouvent des espaces verts paradoxalement plus accueillants qu\u2019\u00e0 la campagne.<\/p>\n<p>                <img width=\"333\" height=\"500\" src=\"https:\/\/www.europesays.com\/fr\/wp-content\/uploads\/2025\/08\/dsc-2035-2-333x500.jpg\" class=\"attachment-gallery size-gallery\" alt=\"LPO balade nature ville oiseau oiseaux ornithologie observation faune orangerie\" data-full-url=\"https:\/\/pokaa.fr\/wp-content\/uploads\/2025\/08\/12\/dsc-2035-2.jpg\" decoding=\"async\" loading=\"lazy\"  \/>            <\/p>\n<p>                <img width=\"333\" height=\"500\" src=\"https:\/\/www.europesays.com\/fr\/wp-content\/uploads\/2025\/08\/dsc-1956-2-333x500.jpg\" class=\"attachment-gallery size-gallery\" alt=\"LPO balade nature ville oiseau oiseaux ornithologie observation faune orangerie\" data-full-url=\"https:\/\/pokaa.fr\/wp-content\/uploads\/2025\/08\/12\/dsc-1956-2.jpg\" decoding=\"async\" loading=\"lazy\"  \/>            <\/p>\n<p>                    Un h\u00e9ron cendr\u00e9 et un moineau domestique. \u00a9 Mathilde Cybulski \/ Pokaa<\/p>\n<p>\u00ab En ville,<strong> on fait aussi de plus en plus attention \u00e0 la pollution<\/strong>. Pour des oiseaux, cela peut repr\u00e9senter des espaces beaucoup moins pollu\u00e9s que des zones de culture intensive. \u00bb Nicolas Buhrel en convient, il y a de quoi faire pour l\u2019ornithologue urbain.<\/p>\n<p><b>\u00ab <\/b><b>On d\u00e9range m\u00eame moins en ville, car les esp\u00e8ces qui sont install\u00e9es ici sont habitu\u00e9es \u00e0 la pr\u00e9sence des humains. En pleine nature, les oiseaux se laisseraient moins approcher que dans le parc. <\/b><b>\u00bb<\/b><\/p>\n<p>Et si l\u2019observation de la faune et de la flore vous int\u00e9resse,<strong> il suffit de <a href=\"https:\/\/www.sortiesnature.org\/\" target=\"_blank\" rel=\"noopener\">cliquer ici<\/a> pour d\u00e9couvrir plusieurs \u00e9v\u00e9nements !\u00a0<\/strong><\/p>\n","protected":false},"excerpt":{"rendered":"Pour d\u00e9couvrir la faune sauvage, il n\u2019est pas n\u00e9cessaire de fuir Strasbourg. Avec la LPO, la Ligue pour&hellip;\n","protected":false},"author":2,"featured_media":330089,"comment_status":"","ping_status":"","sticky":false,"template":"","format":"standard","meta":{"footnotes":""},"categories":[2820],"tags":[1111,11,1777,674,38840,1011,27,775,20324,12,4964,46752,25,46753,640],"class_list":{"0":"post-330088","1":"post","2":"type-post","3":"status-publish","4":"format-standard","5":"has-post-thumbnail","7":"category-strasbourg","8":"tag-actu","9":"tag-actualites","10":"tag-eu","11":"tag-europe","12":"tag-faune-sauvage","13":"tag-fr","14":"tag-france","15":"tag-grand-est","16":"tag-lpo","17":"tag-news","18":"tag-oiseaux","19":"tag-ornithologie","20":"tag-republique-francaise","21":"tag-sorties-nature","22":"tag-strasbourg"},"share_on_mastodon":{"url":"https:\/\/pubeurope.com\/@fr\/115057389639080243","error":""},"_links":{"self":[{"href":"https:\/\/www.europesays.com\/fr\/wp-json\/wp\/v2\/posts\/330088","targetHints":{"allow":["GET"]}}],"collection":[{"href":"https:\/\/www.europesays.com\/fr\/wp-json\/wp\/v2\/posts"}],"about":[{"href":"https:\/\/www.europesays.com\/fr\/wp-json\/wp\/v2\/types\/post"}],"author":[{"embeddable":true,"href":"https:\/\/www.europesays.com\/fr\/wp-json\/wp\/v2\/users\/2"}],"replies":[{"embeddable":true,"href":"https:\/\/www.europesays.com\/fr\/wp-json\/wp\/v2\/comments?post=330088"}],"version-history":[{"count":0,"href":"https:\/\/www.europesays.com\/fr\/wp-json\/wp\/v2\/posts\/330088\/revisions"}],"wp:featuredmedia":[{"embeddable":true,"href":"https:\/\/www.europesays.com\/fr\/wp-json\/wp\/v2\/media\/330089"}],"wp:attachment":[{"href":"https:\/\/www.europesays.com\/fr\/wp-json\/wp\/v2\/media?parent=330088"}],"wp:term":[{"taxonomy":"category","embeddable":true,"href":"https:\/\/www.europesays.com\/fr\/wp-json\/wp\/v2\/categories?post=330088"},{"taxonomy":"post_tag","embeddable":true,"href":"https:\/\/www.europesays.com\/fr\/wp-json\/wp\/v2\/tags?post=330088"}],"curies":[{"name":"wp","href":"https:\/\/api.w.org\/{rel}","templated":true}]}}