{"id":330090,"date":"2025-08-19T20:46:10","date_gmt":"2025-08-19T20:46:10","guid":{"rendered":"https:\/\/www.europesays.com\/fr\/330090\/"},"modified":"2025-08-19T20:46:10","modified_gmt":"2025-08-19T20:46:10","slug":"strasbourg-suit-toujours-une-pepite-de-brighton","status":"publish","type":"post","link":"https:\/\/www.europesays.com\/fr\/330090\/","title":{"rendered":"Strasbourg suit toujours une p\u00e9pite de Brighton"},"content":{"rendered":"<p>Tr\u00e8s actif cet \u00e9t\u00e9 avec plus de 100 millions d\u2019euros d\u00e9bours\u00e9s, <a href=\"https:\/\/www.footmercato.net\/club\/rc-strasbourg-alsace\/\" rel=\"nofollow noopener\" target=\"_blank\">Strasbourg<\/a> n\u2019a pas fini son mercato et reste attentif sur les opportunit\u00e9s \u00e0 saisir. Et parmi elles, on retrouve <a href=\"https:\/\/www.footmercato.net\/joueur\/julio-enciso\/\" rel=\"nofollow noopener\" target=\"_blank\">Julio Enciso<\/a> (21 ans) qui \u00e9volue \u00e0 <a href=\"https:\/\/www.footmercato.net\/club\/brighton-hove-albion-fc\/\" rel=\"nofollow noopener\" target=\"_blank\">Brighton<\/a> comme le rapporte L\u2019\u00c9quipe. Grand talent des Seagulls, le milieu offensif paraguayen reste sur une saison difficile. Bless\u00e9 lors de l\u2019exercice 2023\/2024, il a eu du mal \u00e0 retrouver ses sensations (3 buts et 4 passes d\u00e9cisives en 29 rencontres).<\/p>\n<p>            La suite apr\u00e8s cette publicit\u00e9<\/p>\n<p>Il avait d\u2019ailleurs \u00e9t\u00e9 pr\u00eat\u00e9 \u00e0 Ipswich Town qu\u2019il n\u2019a pas pu aider \u00e0 rester en Premier League. Suivi par Palmeiras et des clubs italiens, Julio Enciso est toujours suivi par les Alsaciens qui avaient d\u00e9j\u00e0 essay\u00e9 le coup \u00e0 l\u2019hiver dernier. Il est consid\u00e9r\u00e9 comme une option int\u00e9ressante si Dilane Bakwa quitte le RCSA.  <\/p>\n<p>\n    Pub. le 19\/08\/2025 22:33<br \/>\n            &#8211; MAJ le 19\/08\/2025 22:34\n    <\/p>\n","protected":false},"excerpt":{"rendered":"Tr\u00e8s actif cet \u00e9t\u00e9 avec plus de 100 millions d\u2019euros d\u00e9bours\u00e9s, Strasbourg n\u2019a pas fini son mercato et&hellip;\n","protected":false},"author":2,"featured_media":330091,"comment_status":"","ping_status":"","sticky":false,"template":"","format":"standard","meta":{"footnotes":""},"categories":[2820],"tags":[1111,11,1777,674,1011,27,775,12,25,640],"class_list":{"0":"post-330090","1":"post","2":"type-post","3":"status-publish","4":"format-standard","5":"has-post-thumbnail","7":"category-strasbourg","8":"tag-actu","9":"tag-actualites","10":"tag-eu","11":"tag-europe","12":"tag-fr","13":"tag-france","14":"tag-grand-est","15":"tag-news","16":"tag-republique-francaise","17":"tag-strasbourg"},"share_on_mastodon":{"url":"https:\/\/pubeurope.com\/@fr\/115057392581171010","error":""},"_links":{"self":[{"href":"https:\/\/www.europesays.com\/fr\/wp-json\/wp\/v2\/posts\/330090","targetHints":{"allow":["GET"]}}],"collection":[{"href":"https:\/\/www.europesays.com\/fr\/wp-json\/wp\/v2\/posts"}],"about":[{"href":"https:\/\/www.europesays.com\/fr\/wp-json\/wp\/v2\/types\/post"}],"author":[{"embeddable":true,"href":"https:\/\/www.europesays.com\/fr\/wp-json\/wp\/v2\/users\/2"}],"replies":[{"embeddable":true,"href":"https:\/\/www.europesays.com\/fr\/wp-json\/wp\/v2\/comments?post=330090"}],"version-history":[{"count":0,"href":"https:\/\/www.europesays.com\/fr\/wp-json\/wp\/v2\/posts\/330090\/revisions"}],"wp:featuredmedia":[{"embeddable":true,"href":"https:\/\/www.europesays.com\/fr\/wp-json\/wp\/v2\/media\/330091"}],"wp:attachment":[{"href":"https:\/\/www.europesays.com\/fr\/wp-json\/wp\/v2\/media?parent=330090"}],"wp:term":[{"taxonomy":"category","embeddable":true,"href":"https:\/\/www.europesays.com\/fr\/wp-json\/wp\/v2\/categories?post=330090"},{"taxonomy":"post_tag","embeddable":true,"href":"https:\/\/www.europesays.com\/fr\/wp-json\/wp\/v2\/tags?post=330090"}],"curies":[{"name":"wp","href":"https:\/\/api.w.org\/{rel}","templated":true}]}}