{"id":330115,"date":"2025-08-19T21:00:31","date_gmt":"2025-08-19T21:00:31","guid":{"rendered":"https:\/\/www.europesays.com\/fr\/330115\/"},"modified":"2025-08-19T21:00:31","modified_gmt":"2025-08-19T21:00:31","slug":"kevin-vauquelin-opere-a-lyon-suite-a-sa-fracture-au-lendemain-du-tour-de-france","status":"publish","type":"post","link":"https:\/\/www.europesays.com\/fr\/330115\/","title":{"rendered":"Kevin Vauquelin op\u00e9r\u00e9 \u00e0 Lyon suite \u00e0 sa fracture au lendemain du Tour de France"},"content":{"rendered":"<p>Les lendemains du Tour de France avaient \u00e9t\u00e9 douloureux pour Kevin Vauquelin. Deux jours apr\u00e8s avoir termin\u00e9 la Grande Boucle en h\u00e9ros, <a href=\"https:\/\/www.letelegramme.fr\/sports\/cyclisme\/tour-de-france\/sa-force-mentale-prouve-que-cest-un-futur-grand-champion-kevin-vauquelin-toujours-plus-proche-du-top-10-sur-le-tour-de-france-6861881.php\" target=\"_blank\" rel=\"noopener\">7e du classement g\u00e9n\u00e9ral<\/a>, le coureur d\u2019Arkea <a href=\"https:\/\/www.letelegramme.fr\/sports\/cyclisme\/deux-jours-apres-le-tour-de-france-kevin-vauquelin-victime-dune-fracture-au-perone-apres-un-accident-domestique-6863576.php\" target=\"_blank\" rel=\"noopener\">s\u2019\u00e9tait fractur\u00e9 au p\u00e9ron\u00e9<\/a> apr\u00e8s un accident domestique, \u00ab en descendant des escaliers avec ma valise et non en soir\u00e9e \u00bb, avait tenu \u00e0 pr\u00e9ciser le Normand, avec humour.<\/p>\n<p>Ce mardi, la formation a donn\u00e9 des nouvelles de son leader \u00e0 travers un bulletin m\u00e9dical.<\/p>\n<p>\u00ab Apr\u00e8s des examens compl\u00e9mentaires, Kevin Vauquelin a \u00e9t\u00e9 op\u00e9r\u00e9 \u00e0 Lyon d\u2019une l\u00e9sion de la membrane interosseuse tiobio-fibulaire, a ainsi indiqu\u00e9 Arkea. Son temps d\u2019indisponibilit\u00e9 sera communiqu\u00e9 ult\u00e9rieurement. \u00bb<\/p>\n<p>Cette blessure est un vrai coup d\u2019arr\u00eat pour le coureur Normand, qui avait tout juste int\u00e9gr\u00e9<a href=\"https:\/\/www.letelegramme.fr\/sports\/cyclisme\/meilleur-francais-kevin-vauquelin-integre-le-top-20-du-classement-uci-jordan-jegat-entre-dans-le-top-100-6863367.php\" target=\"_blank\" rel=\"noopener\"> le top 20 du classement UCI<\/a> suite \u00e0 ses performances sur les routes du Tour de France.<\/p>\n","protected":false},"excerpt":{"rendered":"Les lendemains du Tour de France avaient \u00e9t\u00e9 douloureux pour Kevin Vauquelin. Deux jours apr\u00e8s avoir termin\u00e9 la&hellip;\n","protected":false},"author":2,"featured_media":330116,"comment_status":"","ping_status":"","sticky":false,"template":"","format":"standard","meta":{"footnotes":""},"categories":[1889],"tags":[1111,11,34378,2430,207,3166,1777,674,1011,27,2428,12,25,60],"class_list":{"0":"post-330115","1":"post","2":"type-post","3":"status-publish","4":"format-standard","5":"has-post-thumbnail","7":"category-lyon","8":"tag-actu","9":"tag-actualites","10":"tag-arkea-bb-hotels","11":"tag-auvergne-rhone-alpes","12":"tag-cyclisme","13":"tag-en-continu-sports","14":"tag-eu","15":"tag-europe","16":"tag-fr","17":"tag-france","18":"tag-lyon","19":"tag-news","20":"tag-republique-francaise","21":"tag-sports"},"share_on_mastodon":{"url":"https:\/\/pubeurope.com\/@fr\/115057447591057328","error":""},"_links":{"self":[{"href":"https:\/\/www.europesays.com\/fr\/wp-json\/wp\/v2\/posts\/330115","targetHints":{"allow":["GET"]}}],"collection":[{"href":"https:\/\/www.europesays.com\/fr\/wp-json\/wp\/v2\/posts"}],"about":[{"href":"https:\/\/www.europesays.com\/fr\/wp-json\/wp\/v2\/types\/post"}],"author":[{"embeddable":true,"href":"https:\/\/www.europesays.com\/fr\/wp-json\/wp\/v2\/users\/2"}],"replies":[{"embeddable":true,"href":"https:\/\/www.europesays.com\/fr\/wp-json\/wp\/v2\/comments?post=330115"}],"version-history":[{"count":0,"href":"https:\/\/www.europesays.com\/fr\/wp-json\/wp\/v2\/posts\/330115\/revisions"}],"wp:featuredmedia":[{"embeddable":true,"href":"https:\/\/www.europesays.com\/fr\/wp-json\/wp\/v2\/media\/330116"}],"wp:attachment":[{"href":"https:\/\/www.europesays.com\/fr\/wp-json\/wp\/v2\/media?parent=330115"}],"wp:term":[{"taxonomy":"category","embeddable":true,"href":"https:\/\/www.europesays.com\/fr\/wp-json\/wp\/v2\/categories?post=330115"},{"taxonomy":"post_tag","embeddable":true,"href":"https:\/\/www.europesays.com\/fr\/wp-json\/wp\/v2\/tags?post=330115"}],"curies":[{"name":"wp","href":"https:\/\/api.w.org\/{rel}","templated":true}]}}