{"id":330117,"date":"2025-08-19T21:02:11","date_gmt":"2025-08-19T21:02:11","guid":{"rendered":"https:\/\/www.europesays.com\/fr\/330117\/"},"modified":"2025-08-19T21:02:11","modified_gmt":"2025-08-19T21:02:11","slug":"un-incendie-fixe-apres-avoir-parcouru-130-hectares-les-pompiers-restent-mobilises","status":"publish","type":"post","link":"https:\/\/www.europesays.com\/fr\/330117\/","title":{"rendered":"Un incendie \u00ab fix\u00e9 \u00bb apr\u00e8s avoir parcouru 130 hectares, les pompiers restent mobilis\u00e9s"},"content":{"rendered":"<p>AFP Videos &#8211; France<\/p>\n<p><a class=\"Td(n) C($inherit) LineClamp(2,45px) D(f) rapidnofollow\" data-uuid=\"b491c45c-9ac9-38f7-9294-5f4d52f02f41\" href=\"https:\/\/fr.news.yahoo.com\/au-pakistan-pluie-emp%C3%AAche-secouristes-082321166.html\" data-ylk=\"elm:hdln;itc:0;pos:1;sec:strm;subsec:moreforyou;cpos:22;ct:video;g:b491c45c-9ac9-38f7-9294-5f4d52f02f41\" data-hosted-type=\"HOSTED\" rel=\"nofollow noopener\" target=\"_blank\">Au Pakistan, la pluie emp\u00eache les secouristes de retrouver les disparus de la mousson<\/a><\/p>\n<p class=\"M(0) C($summaryColor) Fz(14px) Lh(1.43em) LineClamp(3,60px)\">De nouvelles trombes de pluies emp\u00eachent lundi les secours de sortir de la boue des dizaines de corps toujours ensevelis apr\u00e8s un \u00e9pisode extr\u00eame de mousson qui a tu\u00e9 pr\u00e8s de 350 personnes dans le nord du Pakistan.Selon les autorit\u00e9s, pr\u00e8s de 200 habitants des dizaines de villages sinistr\u00e9s sont toujours port\u00e9s disparus. Mais depuis le d\u00e9but des op\u00e9rations de sauvetage, la t\u00e2che des secouristes n&rsquo;a fait que se compliquer.Vendredi, une mauvaise m\u00e9t\u00e9o a fait s&rsquo;\u00e9craser un h\u00e9licopt\u00e8re du gouvernement du Khyber-Pakhtunkhwa, la province la plus touch\u00e9e par les pluies meurtri\u00e8res avec plus de 320 morts, des dizaines de bless\u00e9s et des d\u00e9g\u00e2ts qui pourraient priver des centaines de familles de maisons, d&rsquo;\u00e9coles et de services publics probablement pendant des mois.A Bichnoi, au coeur du district de Buner, le plus touch\u00e9 de la r\u00e9gion escarp\u00e9e o\u00f9 la boue a mis \u00e0 bas reliefs et vallons de la m\u00eame fa\u00e7on, charriant sur son passage des blocs de pierre qui ont tout emport\u00e9, Nisar Ahmad tente d&rsquo;aider.Ce volontaire de 31 ans raconte comment \u00ab\u00a0depuis des jours\u00a0\u00bb, il a, avec les autres, \u00ab\u00a0sorti les corps des d\u00e9combres de 12 villages enti\u00e8rement ras\u00e9s\u00a0\u00bb.- \u00ab\u00a0Terroris\u00e9s par la pluie\u00a0\u00bb -Les autorit\u00e9s ont d\u00e9ploy\u00e9 2.000 secouristes depuis plusieurs jours.\u00a0Mais ce matin, \u00ab\u00a0le retour de la pluie nous a forc\u00e9 \u00e0 cesser les op\u00e9rations: pour sortir les dizaines de corps encore prisonniers, il nous faut des engins de chantier mais les passages qui avaient \u00e9t\u00e9 d\u00e9gag\u00e9s ont \u00e9t\u00e9 effac\u00e9s par la pluie et plus aucun engin ne peut s&rsquo;approcher\u00a0\u00bb, explique-t-il \u00e0 l&rsquo;AFP.Et cette eau \u00e0 nouveau venue du ciel ne provoque pas que la paralysie des secouristes, elle t\u00e9tanise aussi les habitants.\u00a0\u00ab\u00a0M\u00eame s&rsquo;il commence \u00e0 pleuvoir l\u00e9g\u00e8rement, on est terroris\u00e9s, car c&rsquo;est comme \u00e7a que \u00e7a a commenc\u00e9\u00a0\u00bb dans la nuit de jeudi \u00e0 vendredi, raconte Ghulam Hussain, un habitant de Buner.\u00a0\u00ab\u00a0Les enfants et les femmes courent s&rsquo;abriter dans les montagnes, en lieu s\u00fbr, pour tenter d&rsquo;\u00e9chapper aux pluies torrentielles si elles venaient \u00e0 recommencer\u00a0\u00bb, rapporte de son c\u00f4t\u00e9 Hazrat Ullah, 18 ans.Et les ennuis ne pourraient faire que commencer, pr\u00e9viennent les autorit\u00e9s, car les pluies vont encore s&rsquo;intensifier ces deux prochaines semaines et la chaleur &#8212; typique de la mousson d&rsquo;\u00e9t\u00e9 &#8212; reste importante, faisant redouter d\u00e9veloppement des bact\u00e9ries et \u00e9pid\u00e9mies alors que l&rsquo;eau stagnante est chaque ann\u00e9e synonyme de vague de dengue au Pakistan.\u00a0\u00bbBeaucoup d&rsquo;animaux sont morts dans les pluies torrentielles et leurs corps en d\u00e9composition d\u00e9gagent des odeurs pestilentielles\u00a0\u00bb, affirme Nisar Ahmad, le volontaire de Bichnoi, qui r\u00e9clame \u00ab\u00a0de l&rsquo;eau potable en urgence\u00a0\u00bb.- \u00ab\u00a050% plus intense qu&rsquo;en 2024&Prime; -Mais acheminer l&rsquo;aide sera compliqu\u00e9, comme un haut responsable de l&rsquo;Autorit\u00e9 de gestion des catastrophes du Khyber-Pakhtunkhwa l&rsquo;explique.\u00a0\u00bbLes routes alternatives dessin\u00e9es pour acc\u00e9der aux villages escarp\u00e9s viennent d&rsquo;\u00eatre elles aussi emport\u00e9es par les pluies\u00a0\u00bb et \u00ab\u00a0le d\u00e9partement de m\u00e9t\u00e9orologie anticipe de nouvelles crues subites jusqu&rsquo;\u00e0 jeudi\u00a0\u00bb.La r\u00e9gion voisine du Gilgit-Baltistan a d\u00e9j\u00e0 v\u00e9cu il y a une semaine ce retour de b\u00e2ton: sept volontaires y ont \u00e9t\u00e9 tu\u00e9s et six autres bless\u00e9s, ensevelis sous une coul\u00e9e de boue alors qu&rsquo;ils tentaient de raccorder leur village de montagne au r\u00e9seau d&rsquo;eau endommag\u00e9 par des crues subites trois semaines plus t\u00f4t.Car si la mousson a \u00e9t\u00e9 particuli\u00e8rement meurtri\u00e8re ces derniers jours, elle a commenc\u00e9 fin juin.\u00a0Selon les autorit\u00e9s, elle a tu\u00e9 depuis lors plus de 650 personnes, dont une centaine d&rsquo;enfants, avec une \u00ab\u00a0intensit\u00e9 sup\u00e9rieure cette ann\u00e9e de 50 \u00e0 60% par rapport \u00e0 l&rsquo;ann\u00e9e derni\u00e8re\u00a0\u00bb.Au moins 60 victimes ont aussi \u00e9t\u00e9 recens\u00e9es dans le Cachemire administr\u00e9 par l&rsquo;Inde.Les grandes inondations de 2010 puis de 2022 n&rsquo;ont fait que renforcer l&rsquo;inqui\u00e9tude des 255 millions de Pakistanais qui voient les ph\u00e9nom\u00e8nes climatiques extr\u00eames se multiplier.Le pays, l&rsquo;un des plus vuln\u00e9rables aux effets du changement climatique au monde, voit ainsi se succ\u00e9der au fil des saisons inondations massives et meurtri\u00e8res, explosions de lacs glaciaires et s\u00e9cheresses in\u00e9dites.la-stm\/sbh\/jma\/yk<\/p>\n","protected":false},"excerpt":{"rendered":"AFP Videos &#8211; France Au Pakistan, la pluie emp\u00eache les secouristes de retrouver les disparus de la mousson&hellip;\n","protected":false},"author":2,"featured_media":330118,"comment_status":"","ping_status":"","sticky":false,"template":"","format":"standard","meta":{"footnotes":""},"categories":[1592],"tags":[1111,11,1777,674,1011,27,662,5022,17479,12,626,1311,25,7506],"class_list":{"0":"post-330117","1":"post","2":"type-post","3":"status-publish","4":"format-standard","5":"has-post-thumbnail","7":"category-ile-de-france","8":"tag-actu","9":"tag-actualites","10":"tag-eu","11":"tag-europe","12":"tag-fr","13":"tag-france","14":"tag-ile-de-france","15":"tag-lincendie","16":"tag-mobilises","17":"tag-news","18":"tag-paris","19":"tag-pompiers","20":"tag-republique-francaise","21":"tag-var"},"share_on_mastodon":{"url":"https:\/\/pubeurope.com\/@fr\/115057455536625388","error":""},"_links":{"self":[{"href":"https:\/\/www.europesays.com\/fr\/wp-json\/wp\/v2\/posts\/330117","targetHints":{"allow":["GET"]}}],"collection":[{"href":"https:\/\/www.europesays.com\/fr\/wp-json\/wp\/v2\/posts"}],"about":[{"href":"https:\/\/www.europesays.com\/fr\/wp-json\/wp\/v2\/types\/post"}],"author":[{"embeddable":true,"href":"https:\/\/www.europesays.com\/fr\/wp-json\/wp\/v2\/users\/2"}],"replies":[{"embeddable":true,"href":"https:\/\/www.europesays.com\/fr\/wp-json\/wp\/v2\/comments?post=330117"}],"version-history":[{"count":0,"href":"https:\/\/www.europesays.com\/fr\/wp-json\/wp\/v2\/posts\/330117\/revisions"}],"wp:featuredmedia":[{"embeddable":true,"href":"https:\/\/www.europesays.com\/fr\/wp-json\/wp\/v2\/media\/330118"}],"wp:attachment":[{"href":"https:\/\/www.europesays.com\/fr\/wp-json\/wp\/v2\/media?parent=330117"}],"wp:term":[{"taxonomy":"category","embeddable":true,"href":"https:\/\/www.europesays.com\/fr\/wp-json\/wp\/v2\/categories?post=330117"},{"taxonomy":"post_tag","embeddable":true,"href":"https:\/\/www.europesays.com\/fr\/wp-json\/wp\/v2\/tags?post=330117"}],"curies":[{"name":"wp","href":"https:\/\/api.w.org\/{rel}","templated":true}]}}