{"id":330148,"date":"2025-08-19T21:19:12","date_gmt":"2025-08-19T21:19:12","guid":{"rendered":"https:\/\/www.europesays.com\/fr\/330148\/"},"modified":"2025-08-19T21:19:12","modified_gmt":"2025-08-19T21:19:12","slug":"le-rugby-club-vannes-lance-sa-section-feminine-senior","status":"publish","type":"post","link":"https:\/\/www.europesays.com\/fr\/330148\/","title":{"rendered":"Le Rugby Club Vannes lance sa section f\u00e9minine senior"},"content":{"rendered":"<p><img fetchpriority=\"high\" decoding=\"async\" width=\"1024\" height=\"576\" src=\"data:image\/svg+xml,%3Csvg%20xmlns=\" http:=\"\" alt=\"\" class=\"wp-image-33043 ewww_webp_lazy_load\" data-lazy- data-lazy- data-lazy-src=\"https:\/\/www.europesays.com\/fr\/wp-content\/uploads\/2025\/08\/Communique-1024x576.jpg\" data-lazy-src-webp=\"https:\/\/www.europesays.com\/fr\/wp-content\/uploads\/2025\/08\/Communique-1024x576.jpg.webp\" data-lazy-srcset-webp=\"https:\/\/www.europesays.com\/fr\/wp-content\/uploads\/2025\/08\/Communique-1024x576.jpg.webp 1024w, https:\/\/www.rugbyclubvannes.bzh\/voy_content\/uploads\/2025\/08\/Communique-300x169.jpg.webp 300w, https:\/\/www.rugbyclubvannes.bzh\/voy_content\/uploads\/2025\/08\/Communique-768x432.jpg.webp 768w, https:\/\/www.rugbyclubvannes.bzh\/voy_content\/uploads\/2025\/08\/Communique-1536x864.jpg.webp 1536w, https:\/\/www.rugbyclubvannes.bzh\/voy_content\/uploads\/2025\/08\/Communique-75x42.jpg.webp 75w, https:\/\/www.rugbyclubvannes.bzh\/voy_content\/uploads\/2025\/08\/Communique-150x84.jpg.webp 150w, https:\/\/www.rugbyclubvannes.bzh\/voy_content\/uploads\/2025\/08\/Communique.jpg.webp 1920w\"\/><\/p>\n<p>Le Rugby Club Vannes est heureux d\u2019annoncer l\u2019engagement d\u2019une \u00e9quipe f\u00e9minine senior \u00e0 partir de cette saison.<\/p>\n<p>Membre du Rassemblement des\u00a0Breizh\u2019Barians\u00a0depuis plusieurs saisons aux c\u00f4t\u00e9s de six autres clubs morbihannais, le Rugby Club Vannes devient d\u00e9sormais la structure d\u2019accueil de ce collectif \u00e9voluant en F\u00e9d\u00e9rale 1.<\/p>\n<p>Anim\u00e9 par un\u00a0v\u00e9ritable\u00a0\u00e9tat d\u2019esprit\u00a0de\u00a0pionni\u00e8re, ce collectif\u00a0refl\u00e8te l\u2019identit\u00e9 et l\u2019histoire audacieuse du Rugby Club Vannes.<\/p>\n<p>Cette initiative marque une nouvelle \u00e9tape pour notre club et notre engagement en faveur du d\u00e9veloppement du rugby.<\/p>\n<p>De l\u2019\u00c9cole de Rugby \u00e0 cette \u00e9quipe senior, en passant par l\u2019\u00e9quipe moins de 18 ans, il est d\u00e9sormais possible de pratiquer le rugby f\u00e9minin \u00e0 tout \u00e2ge, au sein du RCV.<\/p>\n<p>Notre \u00e9quipe f\u00e9minine s\u00e9nior reprend, ce jour, le chemin de l\u2019entra\u00eenement et \u00e9voluera cette saison en F\u00e9d\u00e9rale 1 avec un premier match face aux Coyotes 94 le dimanche 12 octobre.<\/p>\n<p>Si vous souhaitez rejoindre l\u2019aventure, que ce soit sur le terrain ou en dehors, n\u2019h\u00e9sitez pas \u00e0 contacter notre charg\u00e9 de d\u00e9veloppement du rugby f\u00e9minin au RC Vannes, Erwan Robinault, \u00e0 l\u2019adresse suivante :\u00a0e.robinault@rcvannes.bzh.<\/p>\n<p><strong>Cyrille Berrod<\/strong>, pr\u00e9sident du RCV Association\u00a0: \u00ab Nous nous devions de r\u00e9pondre \u00e0 l\u2019appel de nos f\u00e9minines morbihannaises qui \u00e9voluaient sous la banni\u00e8re d\u2019un rassemblement. Apr\u00e8s une ann\u00e9e de travail, le comit\u00e9 ex\u00e9cutif du RCV a r\u00e9pondu \u00e0 cet appel et cr\u00e9\u00e9 ainsi la premi\u00e8re section f\u00e9minine senior \u00e0 Vannes. Je souligne \u00e9galement le parcours de cette \u00e9quipe\u00a0en saluant les clubs d\u2019Auray, Grand-Champ, Lanester, Lorient et Elven qui ont port\u00e9 les couleurs de ce rassemblement depuis 2018\u00a0! Que de chemin parcouru gr\u00e2ce \u00e0 leur engagement pour faire vivre le rugby f\u00e9minin dans le Morbihan, et chapeau bas \u00e0 Huguette Prevost, \u00e9lue dirigeante en charge des \u00e9quipes f\u00e9minines, et Isabelle Dubois, vice-pr\u00e9sidente en charge des territoires pour avoir port\u00e9 ce projet.\u00a0\u00bb<\/p>\n","protected":false},"excerpt":{"rendered":"Le Rugby Club Vannes est heureux d\u2019annoncer l\u2019engagement d\u2019une \u00e9quipe f\u00e9minine senior \u00e0 partir de cette saison. Membre&hellip;\n","protected":false},"author":2,"featured_media":330149,"comment_status":"","ping_status":"","sticky":false,"template":"","format":"standard","meta":{"footnotes":""},"categories":[1416],"tags":[1011,27,479,1468,60],"class_list":{"0":"post-330148","1":"post","2":"type-post","3":"status-publish","4":"format-standard","5":"has-post-thumbnail","7":"category-rugby","8":"tag-fr","9":"tag-france","10":"tag-rugby","11":"tag-rugby-football","12":"tag-sports"},"share_on_mastodon":{"url":"https:\/\/pubeurope.com\/@fr\/115057522402645386","error":""},"_links":{"self":[{"href":"https:\/\/www.europesays.com\/fr\/wp-json\/wp\/v2\/posts\/330148","targetHints":{"allow":["GET"]}}],"collection":[{"href":"https:\/\/www.europesays.com\/fr\/wp-json\/wp\/v2\/posts"}],"about":[{"href":"https:\/\/www.europesays.com\/fr\/wp-json\/wp\/v2\/types\/post"}],"author":[{"embeddable":true,"href":"https:\/\/www.europesays.com\/fr\/wp-json\/wp\/v2\/users\/2"}],"replies":[{"embeddable":true,"href":"https:\/\/www.europesays.com\/fr\/wp-json\/wp\/v2\/comments?post=330148"}],"version-history":[{"count":0,"href":"https:\/\/www.europesays.com\/fr\/wp-json\/wp\/v2\/posts\/330148\/revisions"}],"wp:featuredmedia":[{"embeddable":true,"href":"https:\/\/www.europesays.com\/fr\/wp-json\/wp\/v2\/media\/330149"}],"wp:attachment":[{"href":"https:\/\/www.europesays.com\/fr\/wp-json\/wp\/v2\/media?parent=330148"}],"wp:term":[{"taxonomy":"category","embeddable":true,"href":"https:\/\/www.europesays.com\/fr\/wp-json\/wp\/v2\/categories?post=330148"},{"taxonomy":"post_tag","embeddable":true,"href":"https:\/\/www.europesays.com\/fr\/wp-json\/wp\/v2\/tags?post=330148"}],"curies":[{"name":"wp","href":"https:\/\/api.w.org\/{rel}","templated":true}]}}