{"id":330151,"date":"2025-08-19T21:22:15","date_gmt":"2025-08-19T21:22:15","guid":{"rendered":"https:\/\/www.europesays.com\/fr\/330151\/"},"modified":"2025-08-19T21:22:15","modified_gmt":"2025-08-19T21:22:15","slug":"la-patience-de-jorge-martin-mise-a-lepreuve-je-dois-rester-calme","status":"publish","type":"post","link":"https:\/\/www.europesays.com\/fr\/330151\/","title":{"rendered":"La patience de Jorge Mart\u00edn mise \u00e0 l&rsquo;\u00e9preuve : \u00ab Je dois rester calme \u00bb"},"content":{"rendered":"<p class=\"my-0 py-2 [&amp;_strong:has(+br)]:inline-block [&amp;_strong:has(+br)]:pb-2 animate-in fade-in-25 duration-700\">Alors que le Grand Prix d\u2019Autriche signait le d\u00e9but de la seconde partie de la saison de <a href=\"https:\/\/www.autohebdo.fr\/actualites\/motogp\" data-internallinksmanager029f6b8e52c=\"4\" title=\"MotoGP\" target=\"_blank\" rel=\"noopener\">MotoGP<\/a>, la discipline se dirige d\u00e9sormais vers le Balaton Park. Circuit o\u00f9 la cat\u00e9gorie reine du sport moto s\u2019appr\u00eate \u00e0 retrouver la Hongrie pour la premi\u00e8re fois depuis 33 ans. Dans le clan Aprilia, les visages sont partag\u00e9s entre confiance et attente\u202f: Marco Bezzecchi aborde la course fort d\u2019un nouveau podium, Jorge Mart\u00edn continue, lui, d\u2019apprendre \u00e0 composer avec le manque d\u2019exp\u00e9rience au guidon de sa RS-GP, et l\u2019impatience n\u00e9e de ses longs mois o\u00f9 il fut hors-jeu.<\/p>\n<p class=\"my-0 py-2 [&amp;_strong:has(+br)]:inline-block [&amp;_strong:has(+br)]:pb-2 animate-in fade-in-25 duration-700\">De retour d\u2019une succession de blessures qui l\u2019ont priv\u00e9 des onze premiers Grands Prix, Jorge Mart\u00edn a renou\u00e9 avec la course en juillet, \u00e0 Brno. Septi\u00e8me pour sa rentr\u00e9e, il a ensuite d\u00fb dig\u00e9rer un week-end difficile sur le <a href=\"https:\/\/www.autohebdo.fr\/actualites\/ecurie\/red-bull-racing\" data-internallinksmanager029f6b8e52c=\"78\" title=\"Ecurie F1 Red Bull Racing\" target=\"_blank\" rel=\"noopener\">Red Bull<\/a> Ring. Entre chute en qualifications, adaptation compliqu\u00e9e \u00e0 la RS-GP25, une course Sprint entam\u00e9e depuis le fond du peloton, et une nouvelle chute en Course principale, le champion du monde en titre a vu ses nerfs mis \u00e0 rude \u00e9preuve.<\/p>\n<p class=\"my-0 py-2 [&amp;_strong:has(+br)]:inline-block [&amp;_strong:has(+br)]:pb-2\">En tirant le bilan de cette succession d\u2019\u00e9v\u00e9nements, le champion du monde en titre avoue avoir du mal \u00e0 se montrer patient. \u00ab \u00c9videmment, c\u2019est difficile. Vendredi, j\u2019avais des attentes sur ce qui allait se passer ce week-end. Ensuite, j\u2019ai compris que \u00e7a n\u2019allait pas arriver. Je dois rester calme. Je ne ressens pas cette pression comme si je devais gagner. J\u2019ai envie de revenir l\u00e0-haut. Je veux avancer jour apr\u00e8s jour, sans regarder les r\u00e9sultats. Si je regarde les r\u00e9sultats, alors je n\u2019ai pas de patience. Donc je veux regarder \u00e0 l\u2019int\u00e9rieur de moi, ce dont j\u2019ai besoin et travailler l\u00e0-dessus. Parce que je sais que \u00e7a viendra. Je dois donc \u00eatre patient, et attendre peut-\u00eatre deux, trois ou cinq courses avant d\u2019\u00eatre \u00e0 nouveau comp\u00e9titif. \u00bb<\/p>\n<p><a href=\"https:\/\/www.autohebdo.fr\/app\/uploads\/2025\/08\/ar-hungariangp-preview-01.jpg\" data-lbwps-width=\"3000\" data-lbwps-height=\"2000\" data-lbwps-srcsmall=\"https:\/\/www.autohebdo.fr\/app\/uploads\/2025\/08\/ar-hungariangp-preview-01-300x200.jpg\" target=\"_blank\" rel=\"noopener\"><img fetchpriority=\"high\" decoding=\"async\" aria-describedby=\"caption-attachment-627467\" class=\"wp-image-627467\" src=\"https:\/\/www.europesays.com\/fr\/wp-content\/uploads\/2025\/08\/ar-hungariangp-preview-01-scaled.jpg\" alt=\"\" width=\"665\" height=\"443\"  \/><\/a><\/p>\n<p id=\"caption-attachment-627467\" class=\"wp-caption-text\">\u00a9 Aprilia Racing<\/p>\n<p>La patience de Jorge Mart\u00edn a ses limites<\/p>\n<p class=\"my-0 py-2 [&amp;_strong:has(+br)]:inline-block [&amp;_strong:has(+br)]:pb-2\">La patience, Jorge Mart\u00edn sait que c\u2019est la cl\u00e9 de son retour au sommet, m\u00eame si la mettre en pratique reste plus difficile que pr\u00e9vu. Il n\u2019a repris le guidon de la RS-GP25 qu\u2019en deux Grands Prix, et chaque tour est une \u00e9tape de plus franchie vers le plein potentiel qu\u2019on lui conna\u00eet.<\/p>\n<p class=\"my-0 py-2 [&amp;_strong:has(+br)]:inline-block [&amp;_strong:has(+br)]:pb-2\">L\u2019heure est donc encore \u00e0 la d\u00e9couverte de sa moto. Comme il le dit si bien, il doit maintenant s\u2019infliger la corv\u00e9e qui \u00e9tait celle de Marco Bezzecchi en d\u00e9but de saison, pour ensuite seulement se mettre \u00e0 r\u00eaver de podium. Dans l\u2019id\u00e9e de reconstruire sa confiance apr\u00e8s un week-end difficile, l\u2019Espagnol se d\u00e9motive en marge du week-end au Balaton Park.<\/p>\n<p class=\"my-0 py-2 [&amp;_strong:has(+br)]:inline-block [&amp;_strong:has(+br)]:pb-2\">\u00ab J\u2019arrive \u00e0 Balaton apr\u00e8s un week-end positif, o\u00f9 j\u2019ai commenc\u00e9 \u00e0 comprendre beaucoup de choses de la moto et \u00e0 construire un peu de feeling. Je dois me rappeler que je n\u2019ai fait que deux courses avec la RS-GP25. Il faut du temps. M\u00eame si ce n\u2019est pas toujours facile d\u2019accepter d\u2019\u00eatre en retrait quand on donne le maximum. Au Balaton, l\u2019objectif sera de continuer \u00e0 progresser, sur un trac\u00e9 nouveau pour tout le monde. Ce sera surtout important de faire des kilom\u00e8tres et de se rapprocher d\u2019un bon feeling. Le potentiel est \u00e9norme \u00bb conclut Jorge Mart\u00edn.<\/p>\n<p class=\"my-0 py-2 [&amp;_strong:has(+br)]:inline-block [&amp;_strong:has(+br)]:pb-2\"><strong>\u00c0 LIRE AUSSI &gt;\u00a0<a href=\"https:\/\/www.autohebdo.fr\/actualites\/motogp\/motogp-programme-du-gp-de-hongrie-2025-de-motogp.html\" target=\"_blank\" rel=\"noopener\">Le programme du GP de Hongrie 2025 de MotoGP<\/a><\/strong><\/p>\n","protected":false},"excerpt":{"rendered":"Alors que le Grand Prix d\u2019Autriche signait le d\u00e9but de la seconde partie de la saison de MotoGP,&hellip;\n","protected":false},"author":2,"featured_media":330152,"comment_status":"","ping_status":"","sticky":false,"template":"","format":"standard","meta":{"footnotes":""},"categories":[1413],"tags":[1011,27,1457,1456,60],"class_list":{"0":"post-330151","1":"post","2":"type-post","3":"status-publish","4":"format-standard","5":"has-post-thumbnail","7":"category-moto","8":"tag-fr","9":"tag-france","10":"tag-moto","11":"tag-motocycle","12":"tag-sports"},"share_on_mastodon":{"url":"https:\/\/pubeurope.com\/@fr\/115057534155871381","error":""},"_links":{"self":[{"href":"https:\/\/www.europesays.com\/fr\/wp-json\/wp\/v2\/posts\/330151","targetHints":{"allow":["GET"]}}],"collection":[{"href":"https:\/\/www.europesays.com\/fr\/wp-json\/wp\/v2\/posts"}],"about":[{"href":"https:\/\/www.europesays.com\/fr\/wp-json\/wp\/v2\/types\/post"}],"author":[{"embeddable":true,"href":"https:\/\/www.europesays.com\/fr\/wp-json\/wp\/v2\/users\/2"}],"replies":[{"embeddable":true,"href":"https:\/\/www.europesays.com\/fr\/wp-json\/wp\/v2\/comments?post=330151"}],"version-history":[{"count":0,"href":"https:\/\/www.europesays.com\/fr\/wp-json\/wp\/v2\/posts\/330151\/revisions"}],"wp:featuredmedia":[{"embeddable":true,"href":"https:\/\/www.europesays.com\/fr\/wp-json\/wp\/v2\/media\/330152"}],"wp:attachment":[{"href":"https:\/\/www.europesays.com\/fr\/wp-json\/wp\/v2\/media?parent=330151"}],"wp:term":[{"taxonomy":"category","embeddable":true,"href":"https:\/\/www.europesays.com\/fr\/wp-json\/wp\/v2\/categories?post=330151"},{"taxonomy":"post_tag","embeddable":true,"href":"https:\/\/www.europesays.com\/fr\/wp-json\/wp\/v2\/tags?post=330151"}],"curies":[{"name":"wp","href":"https:\/\/api.w.org\/{rel}","templated":true}]}}