{"id":330186,"date":"2025-08-19T21:40:15","date_gmt":"2025-08-19T21:40:15","guid":{"rendered":"https:\/\/www.europesays.com\/fr\/330186\/"},"modified":"2025-08-19T21:40:15","modified_gmt":"2025-08-19T21:40:15","slug":"saint-etienne-le-furan-star-dun-polar-ecrit-par-un-stephanois","status":"publish","type":"post","link":"https:\/\/www.europesays.com\/fr\/330186\/","title":{"rendered":"Saint-\u00c9tienne. Le Furan, star d\u2019un polar \u00e9crit par un St\u00e9phanois"},"content":{"rendered":"<p>Un braquage de banque qui tourne mal et provoque le d\u00e9bordement du Furan et des inondations au c\u0153ur de Saint-\u00c9tienne, en pleine F\u00eate du livre. C\u2019est le point de d\u00e9part d\u2019un polar \u00e9crit par Christophe Dumas, St\u00e9phanois exil\u00e9 depuis plusieurs ann\u00e9es.<\/p>\n<p>Chef d\u2019\u00e9tablissement dans un coll\u00e8ge du Cantal, apr\u00e8s avoir exerc\u00e9 comme professeur d\u2019histoire-g\u00e9ographie, il a mis \u00e0 profit ses comp\u00e9tences dans ces mati\u00e8res pour se lancer dans cette carri\u00e8re parall\u00e8le d\u2019\u00e9crivain, qu\u2019il&#8230;<\/p>\n","protected":false},"excerpt":{"rendered":"Un braquage de banque qui tourne mal et provoque le d\u00e9bordement du Furan et des inondations au c\u0153ur&hellip;\n","protected":false},"author":2,"featured_media":330187,"comment_status":"","ping_status":"","sticky":false,"template":"","format":"standard","meta":{"footnotes":""},"categories":[9653],"tags":[1111,11,2430,1687,7539,1777,674,1011,27,2410,12,25,4001,7538],"class_list":{"0":"post-330186","1":"post","2":"type-post","3":"status-publish","4":"format-standard","5":"has-post-thumbnail","7":"category-saint-etienne","8":"tag-actu","9":"tag-actualites","10":"tag-auvergne-rhone-alpes","11":"tag-culture-loisirs","12":"tag-edition-loire-sud","13":"tag-eu","14":"tag-europe","15":"tag-fr","16":"tag-france","17":"tag-livres-bd","18":"tag-news","19":"tag-republique-francaise","20":"tag-saint-etienne","21":"tag-saint-etienne-ville"},"share_on_mastodon":{"url":"https:\/\/pubeurope.com\/@fr\/115057604968414472","error":""},"_links":{"self":[{"href":"https:\/\/www.europesays.com\/fr\/wp-json\/wp\/v2\/posts\/330186","targetHints":{"allow":["GET"]}}],"collection":[{"href":"https:\/\/www.europesays.com\/fr\/wp-json\/wp\/v2\/posts"}],"about":[{"href":"https:\/\/www.europesays.com\/fr\/wp-json\/wp\/v2\/types\/post"}],"author":[{"embeddable":true,"href":"https:\/\/www.europesays.com\/fr\/wp-json\/wp\/v2\/users\/2"}],"replies":[{"embeddable":true,"href":"https:\/\/www.europesays.com\/fr\/wp-json\/wp\/v2\/comments?post=330186"}],"version-history":[{"count":0,"href":"https:\/\/www.europesays.com\/fr\/wp-json\/wp\/v2\/posts\/330186\/revisions"}],"wp:featuredmedia":[{"embeddable":true,"href":"https:\/\/www.europesays.com\/fr\/wp-json\/wp\/v2\/media\/330187"}],"wp:attachment":[{"href":"https:\/\/www.europesays.com\/fr\/wp-json\/wp\/v2\/media?parent=330186"}],"wp:term":[{"taxonomy":"category","embeddable":true,"href":"https:\/\/www.europesays.com\/fr\/wp-json\/wp\/v2\/categories?post=330186"},{"taxonomy":"post_tag","embeddable":true,"href":"https:\/\/www.europesays.com\/fr\/wp-json\/wp\/v2\/tags?post=330186"}],"curies":[{"name":"wp","href":"https:\/\/api.w.org\/{rel}","templated":true}]}}