{"id":330190,"date":"2025-08-19T21:44:21","date_gmt":"2025-08-19T21:44:21","guid":{"rendered":"https:\/\/www.europesays.com\/fr\/330190\/"},"modified":"2025-08-19T21:44:21","modified_gmt":"2025-08-19T21:44:21","slug":"concert-classique-avec-lensemble-amici-miei","status":"publish","type":"post","link":"https:\/\/www.europesays.com\/fr\/330190\/","title":{"rendered":"Concert classique avec l\u2019ensemble Amici Miei"},"content":{"rendered":"<p>L\u2019ensemble Amici Miei donnera un concert intitul\u00e9 Musique sacr\u00e9e \u00e0 voix graves, dans le cadre de musique ancienne \u00e0 Liverdun. La formation est compos\u00e9e de R\u00e9mi Muller (baryton), Coralie Quellier (alto), Paul Poupinet (viole de gambe) et Mathias Riise au clavecin.<\/p>\n<p class=\"note\">Jeudi 21\u00a0ao\u00fbt, \u00e0 20\u00a0h, \u00e0 l\u2019\u00e9glise Saint-Gen\u00e8s, 5, place de l\u2019\u00c9glise, \u00e0 Laxou. Participation libre.<\/p>\n","protected":false},"excerpt":{"rendered":"L\u2019ensemble Amici Miei donnera un concert intitul\u00e9 Musique sacr\u00e9e \u00e0 voix graves, dans le cadre de musique ancienne&hellip;\n","protected":false},"author":2,"featured_media":330191,"comment_status":"","ping_status":"","sticky":false,"template":"","format":"standard","meta":{"footnotes":""},"categories":[9635],"tags":[1111,11,1687,1704,1777,674,1011,27,775,10426,10262,873,1702,12,25],"class_list":{"0":"post-330190","1":"post","2":"type-post","3":"status-publish","4":"format-standard","5":"has-post-thumbnail","7":"category-nancy","8":"tag-actu","9":"tag-actualites","10":"tag-culture-loisirs","11":"tag-edition-nancy-et-agglomeration","12":"tag-eu","13":"tag-europe","14":"tag-fr","15":"tag-france","16":"tag-grand-est","17":"tag-laxou","18":"tag-metropole-du-grand-nancy-54b5","19":"tag-musique","20":"tag-nancy","21":"tag-news","22":"tag-republique-francaise"},"share_on_mastodon":{"url":"https:\/\/pubeurope.com\/@fr\/115057620670561650","error":""},"_links":{"self":[{"href":"https:\/\/www.europesays.com\/fr\/wp-json\/wp\/v2\/posts\/330190","targetHints":{"allow":["GET"]}}],"collection":[{"href":"https:\/\/www.europesays.com\/fr\/wp-json\/wp\/v2\/posts"}],"about":[{"href":"https:\/\/www.europesays.com\/fr\/wp-json\/wp\/v2\/types\/post"}],"author":[{"embeddable":true,"href":"https:\/\/www.europesays.com\/fr\/wp-json\/wp\/v2\/users\/2"}],"replies":[{"embeddable":true,"href":"https:\/\/www.europesays.com\/fr\/wp-json\/wp\/v2\/comments?post=330190"}],"version-history":[{"count":0,"href":"https:\/\/www.europesays.com\/fr\/wp-json\/wp\/v2\/posts\/330190\/revisions"}],"wp:featuredmedia":[{"embeddable":true,"href":"https:\/\/www.europesays.com\/fr\/wp-json\/wp\/v2\/media\/330191"}],"wp:attachment":[{"href":"https:\/\/www.europesays.com\/fr\/wp-json\/wp\/v2\/media?parent=330190"}],"wp:term":[{"taxonomy":"category","embeddable":true,"href":"https:\/\/www.europesays.com\/fr\/wp-json\/wp\/v2\/categories?post=330190"},{"taxonomy":"post_tag","embeddable":true,"href":"https:\/\/www.europesays.com\/fr\/wp-json\/wp\/v2\/tags?post=330190"}],"curies":[{"name":"wp","href":"https:\/\/api.w.org\/{rel}","templated":true}]}}