{"id":330196,"date":"2025-08-19T21:48:24","date_gmt":"2025-08-19T21:48:24","guid":{"rendered":"https:\/\/www.europesays.com\/fr\/330196\/"},"modified":"2025-08-19T21:48:24","modified_gmt":"2025-08-19T21:48:24","slug":"le-departement-de-lherault-place-en-vigilance-orange-orage-et-pluie","status":"publish","type":"post","link":"https:\/\/www.europesays.com\/fr\/330196\/","title":{"rendered":"le d\u00e9partement de l&rsquo;H\u00e9rault plac\u00e9 en vigilance orange orage et pluie"},"content":{"rendered":"<p>            Par<br \/>\n        <strong><br \/>\n            <a href=\"https:\/\/actu.fr\/auteur\/metropoop\" title=\"Consulter tous les articles de R\u00e9daction M\u00e9tropolitain\" rel=\"nofollow noopener\" target=\"_blank\">R\u00e9daction M\u00e9tropolitain<\/a><br \/>\n        <\/strong><\/p>\n<p>        Publi\u00e9 le<\/p>\n<p>            19 ao\u00fbt 2025 \u00e0 11h31        <\/p>\n<p>La canicule, c\u2019est fini\u2026 Celles et ceux qui ont utilis\u00e9 leur parapluie pour se prot\u00e9ger des forts rayons du soleil vont devoir le ressortir pour se prot\u00e9ger de l\u2019eau ! Ce mardi 19 ao\u00fbt 2025, <strong>M\u00e9t\u00e9o France<\/strong> a plac\u00e9 l\u2019<strong>H\u00e9rault en vigilance orange<\/strong> orage et pluie.<\/p>\n<p>    <img   decoding=\"async\" loading=\"lazy\" src=\"https:\/\/www.europesays.com\/fr\/wp-content\/uploads\/2025\/08\/couverture-actu-1-3-960x640.png\" alt=\"La carte de M\u00e9t\u00e9o France de ce mardi\" width=\"960\" height=\"640\"\/><br \/>\n    La carte de M\u00e9t\u00e9o France de ce mardi (\u00a9M\u00e9t\u00e9o France)<\/p>\n<p class=\" wall-content\">Depuis 10h, ce mardi, alors que le soleil pointe timidement le bout de son nez \u00e0 Montpellier, \u00e0 travers un voile c\u00e9leste qui perdure depuis trois jours, qui serait cons\u00e9cutif aux d\u00e9gagements d\u2019importantes fum\u00e9es des incendies de for\u00eat au Portugal et en Espagne, des orages avec des pr\u00e9cipitations \u00e9lev\u00e9es sont annonc\u00e9s d\u2019ici ce soir.<\/p>\n<p class=\" wall-content\">Le Gard et la Loz\u00e8re sont \u00e9galement plac\u00e9s en vigilance orange, attention, prudence si vous devez vous y d\u00e9placer. Ce mercredi 20 ao\u00fbt, la vigilance sera r\u00e9trograd\u00e9e au niveau jaune dans le d\u00e9partement.<\/p>\n<p>La pr\u00e9fecture met en garde<\/p>\n<p class=\" wall-content\">\u00ab\u00a0A partir de 18h00, des orages plus forts balayeront le d\u00e9partement d\u2019Ouest en Est touchant \u00e9galement les plaines int\u00e9rieures et le littoral. Des orages arriveront enfin depuis les reliefs de l\u2019Espinouse vers le Montpelli\u00e9rain, entre 19h00 et 22h00\u00a0\u00bb, annonce la pr\u00e9fecture de l\u2019H\u00e9rault en pr\u00e9cisant que les \u00e9pisodes orageux pourront se caract\u00e9riser par des pluies intenses avec 60 \u00e0 80 mm en 1 \u00e0 2 heures, une forte activit\u00e9 \u00e9lectrique et des \u00e9pisodes de gr\u00eales localis\u00e9s.\u00a0<\/p>\n<p>Vid\u00e9os : en ce moment sur Actu<\/p>\n<blockquote class=\"ac-article-quote wall-content\">\n<p>\u00ab\u00a0\u00c9vitez, dans la mesure du possible, vos d\u00e9placements et veillez \u00e0 la plus grande prudence sur la route pour les d\u00e9placements indispensables. Ne vous engagez pas sur les passages \u00e0 guets. Une vigilance particuli\u00e8re est demand\u00e9e aux exploitants de campings, en particulier pour pr\u00e9venir chacun de leurs r\u00e9sidents du risque et d&rsquo;activer toutes les mesures de s\u00e9curit\u00e9 pr\u00e9vues\u00a0\u00bb<\/p>\n<p>    <strong>Pr\u00e9fecture de l&rsquo;H\u00e9rault<\/strong>\n            <\/p><\/blockquote>\n<p class=\" wall-content\">Le pr\u00e9fet de l\u2019H\u00e9rault et les sapeurs-pompiers de l\u2019H\u00e9rault rappelle \u00e9galement certaines consignes de s\u00e9curit\u00e9 :\u00a0<\/p>\n<p>Votre r\u00e9gion, votre actu !<\/p>\n<p>Recevez chaque jour les infos qui comptent pour vous.<\/p>\n<p>\t<a href=\"https:\/\/actu.fr\/newsletter\" class=\"ac-btn ac-btn--corner ac-btn--medium ac-btn--blue800\" rel=\"nofollow noopener\" target=\"_blank\">S&rsquo;incrire<\/a><\/p>\n<ul class=\" wall-content\">\n<li>Ne pas prendre la voiture et reporter les d\u00e9placements.<\/li>\n<li>Se soucier des personnes proches, des voisins et des personnes vuln\u00e9rables.\u00a0<\/li>\n<li>S\u2019\u00e9loigner des cours d\u2019eau.\u00a0<\/li>\n<li>Ne pas sortir, s\u2019abriter dans un b\u00e2timent et surtout pas sous un arbre pour \u00e9viter les risques de foudre.\u00a0<\/li>\n<li>Ne pas s\u2019engager, \u00e0 pied ou en voiture, sur une voie immerg\u00e9e.<\/li>\n<li>Se tenir inform\u00e9 et surveiller la mont\u00e9e des eaux.<\/li>\n<li>Ne pas descendre dans les sous-sols.<\/li>\n<li>Localiser son kit d\u2019urgence en cas de besoin.<\/li>\n<\/ul>\n<p class=\" wall-content\">\n<p class=\" wall-content\">Les postes de secours du d\u00e9partement hisseront la flamme rouge \u00e0 partir de 16h00. Les sapeurs-pompiers de l\u2019H\u00e9rault appellent \u00e0 une extr\u00eame vigilance et \u00e0 une limitation des d\u00e9placements durant cet \u00e9pisode.\u00a0<\/p>\n<p>Des mesures prises par la Ville<\/p>\n<p class=\" wall-content\">Alors que des plus forts cumuls sont attendus entre 20 et 22h, notamment sur Montpellier, pouvant provoquer des ruissellements et des d\u00e9bordements de cours d\u2019eau, la Ville de Montpellier a pris certaines mesures de s\u00e9curit\u00e9 :\u00a0<\/p>\n<ul class=\" wall-content\">\n<li>Il est interdit de stationner \u00e0 titre pr\u00e9ventif sur le quai du Pir\u00e9e \u00e0 partir de 18h.<\/li>\n<li>Certaines routes pourront \u00eatre ferm\u00e9es \u00e0 la circulation.<\/li>\n<li>Fermeture anticip\u00e9e des parcs, jardins et du bois de Montmaur \u00e0 18h.<\/li>\n<\/ul>\n<p>&gt; La situation en temps r\u00e9el ici\u00a0<a href=\"https:\/\/meteofrance.com\" rel=\"nofollow noopener\" target=\"_blank\">https:\/\/meteofrance.com<\/a> et sur le site de la <a href=\"https:\/\/www.montpellier.fr\/vie-quotidienne\/vivre-ici\/urgences-securite-et-prevention\/je-me-prepare-a-une-situation-d-urgence\/connaitre-les-risques-majeurs\/risque-pluie-inondation?mtype=short\" rel=\"nofollow noopener\" target=\"_blank\">Ville de Montpellier<\/a>.<\/p>\n<p class=\" wall-content\">Personnalisez votre actualit\u00e9 en ajoutant vos villes et m\u00e9dias en favori avec <a href=\"https:\/\/moncompte.actu.fr\" title=\"D\u00e9couvez Mon Actu\" rel=\"nofollow noopener\" data-trk=\"{&quot;cta&quot;:{&quot;action&quot;:&quot;https:\\\/\\\/moncompte.actu.fr&quot;,&quot;category&quot;:&quot;mon compte&quot;,&quot;from&quot;:&quot;article footer&quot;,&quot;name&quot;:&quot;Mon actu&quot;,&quot;type&quot;:&quot;cta&quot;}}\" target=\"_blank\">Mon Actu<\/a>.<\/p>\n","protected":false},"excerpt":{"rendered":"Par R\u00e9daction M\u00e9tropolitain Publi\u00e9 le 19 ao\u00fbt 2025 \u00e0 11h31 La canicule, c\u2019est fini\u2026 Celles et ceux qui&hellip;\n","protected":false},"author":2,"featured_media":330197,"comment_status":"","ping_status":"","sticky":false,"template":"","format":"standard","meta":{"footnotes":""},"categories":[9599],"tags":[1111,11,1777,674,1011,27,2487,2208,12,2680,25],"class_list":{"0":"post-330196","1":"post","2":"type-post","3":"status-publish","4":"format-standard","5":"has-post-thumbnail","7":"category-montpellier","8":"tag-actu","9":"tag-actualites","10":"tag-eu","11":"tag-europe","12":"tag-fr","13":"tag-france","14":"tag-meteo","15":"tag-montpellier","16":"tag-news","17":"tag-occitanie","18":"tag-republique-francaise"},"share_on_mastodon":{"url":"https:\/\/pubeurope.com\/@fr\/115057636689756284","error":""},"_links":{"self":[{"href":"https:\/\/www.europesays.com\/fr\/wp-json\/wp\/v2\/posts\/330196","targetHints":{"allow":["GET"]}}],"collection":[{"href":"https:\/\/www.europesays.com\/fr\/wp-json\/wp\/v2\/posts"}],"about":[{"href":"https:\/\/www.europesays.com\/fr\/wp-json\/wp\/v2\/types\/post"}],"author":[{"embeddable":true,"href":"https:\/\/www.europesays.com\/fr\/wp-json\/wp\/v2\/users\/2"}],"replies":[{"embeddable":true,"href":"https:\/\/www.europesays.com\/fr\/wp-json\/wp\/v2\/comments?post=330196"}],"version-history":[{"count":0,"href":"https:\/\/www.europesays.com\/fr\/wp-json\/wp\/v2\/posts\/330196\/revisions"}],"wp:featuredmedia":[{"embeddable":true,"href":"https:\/\/www.europesays.com\/fr\/wp-json\/wp\/v2\/media\/330197"}],"wp:attachment":[{"href":"https:\/\/www.europesays.com\/fr\/wp-json\/wp\/v2\/media?parent=330196"}],"wp:term":[{"taxonomy":"category","embeddable":true,"href":"https:\/\/www.europesays.com\/fr\/wp-json\/wp\/v2\/categories?post=330196"},{"taxonomy":"post_tag","embeddable":true,"href":"https:\/\/www.europesays.com\/fr\/wp-json\/wp\/v2\/tags?post=330196"}],"curies":[{"name":"wp","href":"https:\/\/api.w.org\/{rel}","templated":true}]}}