{"id":33020,"date":"2025-04-18T02:59:09","date_gmt":"2025-04-18T02:59:09","guid":{"rendered":"https:\/\/www.europesays.com\/fr\/33020\/"},"modified":"2025-04-18T02:59:09","modified_gmt":"2025-04-18T02:59:09","slug":"burna-boy-au-stade-de-france-la-superstar-nigeriane-enflamme-ses-fans-les-plus-fideles","status":"publish","type":"post","link":"https:\/\/www.europesays.com\/fr\/33020\/","title":{"rendered":"Burna Boy au Stade de France: la superstar nig\u00e9riane enflamme ses fans les plus fid\u00e8les"},"content":{"rendered":"<p class=\"t-content__chapo\">\n                                                En concert au Stade de France de Paris ce vendredi 18 avril 2025, Burna Boy est le premier chanteur africain \u00e0 s&rsquo;y produire, dans un stade presque complet. C&rsquo;est en 2012 que l&rsquo;artiste s&rsquo;est fait conna\u00eetre avec le tube\u00a0Like To Party. Depuis, il a sorti sept albums et a conquis la plan\u00e8te.\u00a0Il a contribu\u00e9 \u00e0 populariser l&rsquo;afro-fusion, un genre musical qui m\u00eale afro-pop, reggae, soul et d&rsquo;autres influences. Et comme toutes les stars internationales, Burna Boy a de nombreux fans \u00e0 travers le monde. Certains l&rsquo;ont vu plus de dix fois en concert et ne ratent pas une occasion de rencontrer leur idole. Rencontre avec deux d&rsquo;entre elles qui se rendront au Stade de France.                    <\/p>\n<p>        <img decoding=\"async\" fetchpriority=\"low\" src=\"https:\/\/www.europesays.com\/fr\/wp-content\/uploads\/2025\/04\/000_36CD3PU.jpg\" alt=\"Le chanteur nig\u00e9rian, Burna Boy en concert au Festival Smukfest \u00e0 Skanderborg au Danemark, le 7 ao\u00fbt 2024. (Image d'illustration)\"   width=\"980\" height=\"551\" loading=\"eager\" class=\"m-figure__img lazy\"\/><\/p>\n<p>                Le chanteur nig\u00e9rian, Burna Boy en concert au Festival Smukfest \u00e0 Skanderborg au Danemark, le 7 ao\u00fbt 2024. (Image d&rsquo;illustration)                AFP &#8211; HELLE ARENSBAK            <\/p>\n<p class=\"a-read-more\">\u00c0 lire aussi<a href=\"https:\/\/www.rfi.fr\/fr\/musique\/20240122-entre-furie-et-g\u00e9nie-le-concert-fou-de-burna-boy-au-stell-air-d-abidjan\" target=\"_self\" class=\"a-read-more__link\" rel=\"noopener\">Entre furie et g\u00e9nie, le concert fou de Burna Boy au Stell&rsquo;Air d&rsquo;Abidjan<\/a><\/p>\n<p class=\"a-read-more\">\u00a0<\/p>\n<p class=\"a-read-more\">\u00c0 lire aussi<a href=\"https:\/\/www.rfi.fr\/fr\/podcasts\/le-choix-musical-de-rfi\/20241227-l-afrobeats-nig\u00e9rian-se-pr\u00e9pare-\u00e0-une-ann\u00e9e-triomphale-en-2025\" target=\"_self\" class=\"a-read-more__link\" rel=\"noopener\">L&rsquo;Afrobeats nig\u00e9rian se pr\u00e9pare \u00e0 une ann\u00e9e triomphale en 2025<\/a><\/p>\n","protected":false},"excerpt":{"rendered":"En concert au Stade de France de Paris ce vendredi 18 avril 2025, Burna Boy est le premier&hellip;\n","protected":false},"author":2,"featured_media":33021,"comment_status":"","ping_status":"","sticky":false,"template":"","format":"standard","meta":{"footnotes":""},"categories":[4],"tags":[11,1011,27,1698,12,4778,5920,25],"class_list":{"0":"post-33020","1":"post","2":"type-post","3":"status-publish","4":"format-standard","5":"has-post-thumbnail","7":"category-france","8":"tag-actualites","9":"tag-fr","10":"tag-france","11":"tag-musiques","12":"tag-news","13":"tag-nigeria","14":"tag-reportage-france","15":"tag-republique-francaise"},"share_on_mastodon":{"url":"https:\/\/pubeurope.com\/@fr\/114356732934558309","error":""},"_links":{"self":[{"href":"https:\/\/www.europesays.com\/fr\/wp-json\/wp\/v2\/posts\/33020","targetHints":{"allow":["GET"]}}],"collection":[{"href":"https:\/\/www.europesays.com\/fr\/wp-json\/wp\/v2\/posts"}],"about":[{"href":"https:\/\/www.europesays.com\/fr\/wp-json\/wp\/v2\/types\/post"}],"author":[{"embeddable":true,"href":"https:\/\/www.europesays.com\/fr\/wp-json\/wp\/v2\/users\/2"}],"replies":[{"embeddable":true,"href":"https:\/\/www.europesays.com\/fr\/wp-json\/wp\/v2\/comments?post=33020"}],"version-history":[{"count":0,"href":"https:\/\/www.europesays.com\/fr\/wp-json\/wp\/v2\/posts\/33020\/revisions"}],"wp:featuredmedia":[{"embeddable":true,"href":"https:\/\/www.europesays.com\/fr\/wp-json\/wp\/v2\/media\/33021"}],"wp:attachment":[{"href":"https:\/\/www.europesays.com\/fr\/wp-json\/wp\/v2\/media?parent=33020"}],"wp:term":[{"taxonomy":"category","embeddable":true,"href":"https:\/\/www.europesays.com\/fr\/wp-json\/wp\/v2\/categories?post=33020"},{"taxonomy":"post_tag","embeddable":true,"href":"https:\/\/www.europesays.com\/fr\/wp-json\/wp\/v2\/tags?post=33020"}],"curies":[{"name":"wp","href":"https:\/\/api.w.org\/{rel}","templated":true}]}}