{"id":330200,"date":"2025-08-19T21:53:13","date_gmt":"2025-08-19T21:53:13","guid":{"rendered":"https:\/\/www.europesays.com\/fr\/330200\/"},"modified":"2025-08-19T21:53:13","modified_gmt":"2025-08-19T21:53:13","slug":"grenoble-un-incendie-se-declare-dans-un-foyer-social-trois-personnes-legerement-blessees","status":"publish","type":"post","link":"https:\/\/www.europesays.com\/fr\/330200\/","title":{"rendered":"Grenoble\u00a0: un incendie se d\u00e9clare dans un foyer social, trois personnes l\u00e9g\u00e8rement bless\u00e9es"},"content":{"rendered":"<p>Un incendie s&rsquo;est d\u00e9clar\u00e9 dans un foyer Adoma \u00e0 Grenoble, rue Lucien-Andrieux, ce mardi 19 ao\u00fbt vers 15h30. Le feu a g\u00e9n\u00e9r\u00e9 beaucoup de fum\u00e9e, 24 personnes ont \u00e9t\u00e9 prises en charge dont trois transport\u00e9es \u00e0 l&rsquo;h\u00f4pital. <\/p>\n<p>Un feu a pris dans les parties communes d&rsquo;un foyer Adoma de cinq \u00e9tages ce mardi 19 ao\u00fbt, rue Lucien-Andrieux \u00e0 Grenoble. Il a \u00e9t\u00e9 rapidement \u00e9teint par les pompiers mais a g\u00e9n\u00e9r\u00e9 \u00e9norm\u00e9ment de fum\u00e9e. 24 personnes au total ont \u00e9t\u00e9 prises en charge, trois ont \u00e9t\u00e9 transport\u00e9es l\u00e9g\u00e8rement bless\u00e9es dans diff\u00e9rents h\u00f4pitaux de la m\u00e9tropole de Grenoble apr\u00e8s avoir inhal\u00e9 des fum\u00e9es. Les 21 autres personnes, des adultes et des enfants, sont dites \u00ab\u00a0impliqu\u00e9es\u00a0\u00bb mais n&rsquo;ont pas \u00e9t\u00e9 hospitalis\u00e9es.<\/p>\n<p>Les pompiers sont rest\u00e9s plusieurs heures sur place, le b\u00e2timent a \u00e9t\u00e9 ventil\u00e9 et il n&rsquo;y a plus de pr\u00e9sence de monoxyde de carbone \u00e0 l&rsquo;int\u00e9rieur. Un cadre de la mairie de Grenoble s&rsquo;est rendu sur place. Les occupants vont pouvoir regagner leur logement\u00a0: \u00ab\u00a0A priori pas de relogement n\u00e9cessaire pour l&rsquo;instant\u00a0\u00bb\u00a0nous indique ce mardi soir Nicolas Kada, adjoint en charge de la coordination sociale.<\/p>\n","protected":false},"excerpt":{"rendered":"Un incendie s&rsquo;est d\u00e9clar\u00e9 dans un foyer Adoma \u00e0 Grenoble, rue Lucien-Andrieux, ce mardi 19 ao\u00fbt vers 15h30.&hellip;\n","protected":false},"author":2,"featured_media":330201,"comment_status":"","ping_status":"","sticky":false,"template":"","format":"standard","meta":{"footnotes":""},"categories":[9566],"tags":[1111,11,2430,1777,674,1011,27,2731,12,25],"class_list":{"0":"post-330200","1":"post","2":"type-post","3":"status-publish","4":"format-standard","5":"has-post-thumbnail","7":"category-grenoble","8":"tag-actu","9":"tag-actualites","10":"tag-auvergne-rhone-alpes","11":"tag-eu","12":"tag-europe","13":"tag-fr","14":"tag-france","15":"tag-grenoble","16":"tag-news","17":"tag-republique-francaise"},"share_on_mastodon":{"url":"https:\/\/pubeurope.com\/@fr\/115057656017944052","error":""},"_links":{"self":[{"href":"https:\/\/www.europesays.com\/fr\/wp-json\/wp\/v2\/posts\/330200","targetHints":{"allow":["GET"]}}],"collection":[{"href":"https:\/\/www.europesays.com\/fr\/wp-json\/wp\/v2\/posts"}],"about":[{"href":"https:\/\/www.europesays.com\/fr\/wp-json\/wp\/v2\/types\/post"}],"author":[{"embeddable":true,"href":"https:\/\/www.europesays.com\/fr\/wp-json\/wp\/v2\/users\/2"}],"replies":[{"embeddable":true,"href":"https:\/\/www.europesays.com\/fr\/wp-json\/wp\/v2\/comments?post=330200"}],"version-history":[{"count":0,"href":"https:\/\/www.europesays.com\/fr\/wp-json\/wp\/v2\/posts\/330200\/revisions"}],"wp:featuredmedia":[{"embeddable":true,"href":"https:\/\/www.europesays.com\/fr\/wp-json\/wp\/v2\/media\/330201"}],"wp:attachment":[{"href":"https:\/\/www.europesays.com\/fr\/wp-json\/wp\/v2\/media?parent=330200"}],"wp:term":[{"taxonomy":"category","embeddable":true,"href":"https:\/\/www.europesays.com\/fr\/wp-json\/wp\/v2\/categories?post=330200"},{"taxonomy":"post_tag","embeddable":true,"href":"https:\/\/www.europesays.com\/fr\/wp-json\/wp\/v2\/tags?post=330200"}],"curies":[{"name":"wp","href":"https:\/\/api.w.org\/{rel}","templated":true}]}}