{"id":330202,"date":"2025-08-19T21:55:10","date_gmt":"2025-08-19T21:55:10","guid":{"rendered":"https:\/\/www.europesays.com\/fr\/330202\/"},"modified":"2025-08-19T21:55:10","modified_gmt":"2025-08-19T21:55:10","slug":"rennes-a-voulu-rapatrier-martin-terrier","status":"publish","type":"post","link":"https:\/\/www.europesays.com\/fr\/330202\/","title":{"rendered":"Rennes a voulu rapatrier Martin Terrier"},"content":{"rendered":"<p>Depuis le d\u00e9but du mercato, le Stade Rennais est \u00e0 la recherche de joueurs pour \u00e9toffer son attaque. En ce sens, le club breton a cherch\u00e9 \u00e0 recruter <a href=\"https:\/\/www.footmercato.net\/joueur\/martin-terrier\/\" rel=\"nofollow noopener\" target=\"_blank\">Martin Terrier<\/a>, selon les derni\u00e8res informations de L\u2019\u00c9quipe. <\/p>\n<p>            La suite apr\u00e8s cette publicit\u00e9<\/p>\n<p>Parti du c\u00f4t\u00e9 du <a href=\"https:\/\/www.footmercato.net\/club\/bayer-04-leverkusen\/\" rel=\"nofollow noopener\" target=\"_blank\">Bayer Leverkusen<\/a> \u00e0 l\u2019\u00e9t\u00e9 2024 apr\u00e8s un passage m\u00e9morable en Bretagne, l\u2019attaquant de 28 ans s\u2019est rompu le tendon d\u2019Achille la saison pass\u00e9e. <a href=\"https:\/\/www.footmercato.net\/club\/stade-rennais-fc\/\" rel=\"nofollow noopener\" target=\"_blank\">Rennes<\/a> a pris des informations, mais n\u2019est pas all\u00e9 plus loin pour recruter l\u2019ailier sous contrat jusqu\u2019en 2029 avec le Werkself.  <\/p>\n<p>\n    Pub. le 19\/08\/2025 23:21<br \/>\n            &#8211; MAJ le 19\/08\/2025 23:22\n    <\/p>\n","protected":false},"excerpt":{"rendered":"Depuis le d\u00e9but du mercato, le Stade Rennais est \u00e0 la recherche de joueurs pour \u00e9toffer son attaque.&hellip;\n","protected":false},"author":2,"featured_media":330203,"comment_status":"","ping_status":"","sticky":false,"template":"","format":"standard","meta":{"footnotes":""},"categories":[2821],"tags":[1111,11,829,1777,674,1011,27,12,584,25],"class_list":{"0":"post-330202","1":"post","2":"type-post","3":"status-publish","4":"format-standard","5":"has-post-thumbnail","7":"category-rennes","8":"tag-actu","9":"tag-actualites","10":"tag-bretagne","11":"tag-eu","12":"tag-europe","13":"tag-fr","14":"tag-france","15":"tag-news","16":"tag-rennes","17":"tag-republique-francaise"},"share_on_mastodon":{"url":"https:\/\/pubeurope.com\/@fr\/115057663967872646","error":""},"_links":{"self":[{"href":"https:\/\/www.europesays.com\/fr\/wp-json\/wp\/v2\/posts\/330202","targetHints":{"allow":["GET"]}}],"collection":[{"href":"https:\/\/www.europesays.com\/fr\/wp-json\/wp\/v2\/posts"}],"about":[{"href":"https:\/\/www.europesays.com\/fr\/wp-json\/wp\/v2\/types\/post"}],"author":[{"embeddable":true,"href":"https:\/\/www.europesays.com\/fr\/wp-json\/wp\/v2\/users\/2"}],"replies":[{"embeddable":true,"href":"https:\/\/www.europesays.com\/fr\/wp-json\/wp\/v2\/comments?post=330202"}],"version-history":[{"count":0,"href":"https:\/\/www.europesays.com\/fr\/wp-json\/wp\/v2\/posts\/330202\/revisions"}],"wp:featuredmedia":[{"embeddable":true,"href":"https:\/\/www.europesays.com\/fr\/wp-json\/wp\/v2\/media\/330203"}],"wp:attachment":[{"href":"https:\/\/www.europesays.com\/fr\/wp-json\/wp\/v2\/media?parent=330202"}],"wp:term":[{"taxonomy":"category","embeddable":true,"href":"https:\/\/www.europesays.com\/fr\/wp-json\/wp\/v2\/categories?post=330202"},{"taxonomy":"post_tag","embeddable":true,"href":"https:\/\/www.europesays.com\/fr\/wp-json\/wp\/v2\/tags?post=330202"}],"curies":[{"name":"wp","href":"https:\/\/api.w.org\/{rel}","templated":true}]}}