{"id":330204,"date":"2025-08-19T21:56:11","date_gmt":"2025-08-19T21:56:11","guid":{"rendered":"https:\/\/www.europesays.com\/fr\/330204\/"},"modified":"2025-08-19T21:56:11","modified_gmt":"2025-08-19T21:56:11","slug":"stage-atelier-danse-a-niederhausbergen","status":"publish","type":"post","link":"https:\/\/www.europesays.com\/fr\/330204\/","title":{"rendered":"Stage, atelier Danse a Niederhausbergen"},"content":{"rendered":"<p>\t\t\t\t\t\t\t\t\t<a href=\"https:\/\/www.dna.fr\/pour-sortir\/loisirs\/Stage-ateliers-cours\/Danse\/Alsace\/Bas-rhin\/Niederhausbergen\/2025\/09\/10\/javascript:history.back();\" rel=\"nofollow noopener\" class=\"backToSearch\" target=\"_blank\">Retour \u00e0 la recherche<\/a><\/p>\n<p class=\"media-desc\" itemprop=\"description\">&#13;<br \/>\n\t\t\t\t\tSoir\u00e9e   \u00ab D\u00e9couverte &#8211; Portes Ouvertes \u00bb organis\u00e9e par le Dance Swing Club de Niederhausbergen pour d\u00e9couvrir le programme du DSC durant la saison 2025\/2026.<\/p>\n<p>&#13;<br \/>\n\t\t\t\t\t\t\t\t\t\t\t&#13;<br \/>\n\t\t\t\t\t\t\t\t\t\tToutes danses : Danses de Salon, Samba, Chacha, Rumba, Valse viennoise, Valse lente, Tango, Quick Step, Rock, Salsa, Bachata, WCS. Prochaine date pour la reprise des cours \u00ab Toutes Danses\/danses de salon \u00bb de la saison : mercredi 17 septembre 2025 niveau d\u00e9butant  \u00e0 19 h 30 et niveau Interm\u00e9diaire \u00e0 21 h. Miroirs, parquet, parking. Espace Culturel et Sportif \u00ab Nieder\u2019 \u00bb 1, All\u00e9e des Terres du Sud 67207 NIEDERHAUSBERGEN Renseignement et inscriptions : t\u00e9l 06 15 89 33 21 + 03 88 78 44 80 ou contact@danceswingclub.fr.<\/p>\n<p>&#13;\n\t\t\t\t  <\/p>\n","protected":false},"excerpt":{"rendered":"Retour \u00e0 la recherche &#13; Soir\u00e9e \u00ab D\u00e9couverte &#8211; Portes Ouvertes \u00bb organis\u00e9e par le Dance Swing Club&hellip;\n","protected":false},"author":2,"featured_media":330205,"comment_status":"","ping_status":"","sticky":false,"template":"","format":"standard","meta":{"footnotes":""},"categories":[2820],"tags":[1111,11,1777,674,1011,27,775,12,25,640],"class_list":{"0":"post-330204","1":"post","2":"type-post","3":"status-publish","4":"format-standard","5":"has-post-thumbnail","7":"category-strasbourg","8":"tag-actu","9":"tag-actualites","10":"tag-eu","11":"tag-europe","12":"tag-fr","13":"tag-france","14":"tag-grand-est","15":"tag-news","16":"tag-republique-francaise","17":"tag-strasbourg"},"share_on_mastodon":{"url":"https:\/\/pubeurope.com\/@fr\/115057667832161930","error":""},"_links":{"self":[{"href":"https:\/\/www.europesays.com\/fr\/wp-json\/wp\/v2\/posts\/330204","targetHints":{"allow":["GET"]}}],"collection":[{"href":"https:\/\/www.europesays.com\/fr\/wp-json\/wp\/v2\/posts"}],"about":[{"href":"https:\/\/www.europesays.com\/fr\/wp-json\/wp\/v2\/types\/post"}],"author":[{"embeddable":true,"href":"https:\/\/www.europesays.com\/fr\/wp-json\/wp\/v2\/users\/2"}],"replies":[{"embeddable":true,"href":"https:\/\/www.europesays.com\/fr\/wp-json\/wp\/v2\/comments?post=330204"}],"version-history":[{"count":0,"href":"https:\/\/www.europesays.com\/fr\/wp-json\/wp\/v2\/posts\/330204\/revisions"}],"wp:featuredmedia":[{"embeddable":true,"href":"https:\/\/www.europesays.com\/fr\/wp-json\/wp\/v2\/media\/330205"}],"wp:attachment":[{"href":"https:\/\/www.europesays.com\/fr\/wp-json\/wp\/v2\/media?parent=330204"}],"wp:term":[{"taxonomy":"category","embeddable":true,"href":"https:\/\/www.europesays.com\/fr\/wp-json\/wp\/v2\/categories?post=330204"},{"taxonomy":"post_tag","embeddable":true,"href":"https:\/\/www.europesays.com\/fr\/wp-json\/wp\/v2\/tags?post=330204"}],"curies":[{"name":"wp","href":"https:\/\/api.w.org\/{rel}","templated":true}]}}