{"id":330206,"date":"2025-08-19T21:57:10","date_gmt":"2025-08-19T21:57:10","guid":{"rendered":"https:\/\/www.europesays.com\/fr\/330206\/"},"modified":"2025-08-19T21:57:10","modified_gmt":"2025-08-19T21:57:10","slug":"strasbourg-reactive-la-piste-julio-enciso","status":"publish","type":"post","link":"https:\/\/www.europesays.com\/fr\/330206\/","title":{"rendered":"Strasbourg r\u00e9active la piste Julio Enciso"},"content":{"rendered":"<p class=\"date\">\n                                                            Juba Touabi, Media365, publi\u00e9 le mardi 19 ao\u00fbt 2025 \u00e0 23h30\n                                                    <\/p>\n<p>En qu\u00eate de renforts offensifs \u00e0 l&rsquo;approche de la derni\u00e8re ligne droite du march\u00e9 des transferts, le Racing Club de Strasbourg s&rsquo;int\u00e9resse \u00e0 nouveau \u00e0 Julio Enciso.<\/p>\n<p>L&rsquo;attaquant paraguayen de 21 ans, sous contrat avec Brighton jusqu&rsquo;\u00e0 la fin de saison, figure en bonne place sur les tablettes du club alsacien, qui pourrait acc\u00e9l\u00e9rer en cas de d\u00e9part de Dilane Bakwa dans les prochaines semaines selon les informations du quotidien sportif l&rsquo;Equipe. Les Alsaciens ne veulent pas se retrouver sans option de rechange en attaque en ce d\u00e9but de saison.<\/p>\n<p>Strasbourg cherche du renfort<\/p>\n<p>Pr\u00eat\u00e9 lors de la deuxi\u00e8me partie de saison 2024-2025 \u00e0 Ipswich Town, Julio Enciso a sign\u00e9 un passage remarqu\u00e9 avec 13 apparitions en Premier League, 2 buts et 3 passes d\u00e9cisives \u00e0 son actif. Des statistiques prometteuses qui confirment le potentiel de celui qui compte d\u00e9j\u00e0 27 s\u00e9lections avec le Paraguay. Consid\u00e9r\u00e9 comme l&rsquo;un des grands espoirs du football paraguayen, il pourrait d\u00e9buter une nouvelle aventure cet \u00e9t\u00e9.<\/p>\n<p>Cependant, Strasbourg devra faire face \u00e0 une concurrence relev\u00e9e. Le Palmeiras, club phare du championnat br\u00e9silien, mais aussi plusieurs formations italiennes, se seraient \u00e9galement positionn\u00e9s sur le dossier. De quoi compliquer la t\u00e2che des dirigeants alsaciens, qui devront se montrer convaincants pour esp\u00e9rer s\u00e9duire le joueur et son entourage. Reste d\u00e9sormais \u00e0 savoir si le Racing passera \u00e0 l&rsquo;action dans les jours \u00e0 venir. Strasbourg peut-il repr\u00e9senter le tremplin id\u00e9al pour relancer la trajectoire europ\u00e9enne d&rsquo;Enciso ? Le march\u00e9 des transferts pourrait rapidement apporter une r\u00e9ponse.<\/p>\n","protected":false},"excerpt":{"rendered":"Juba Touabi, Media365, publi\u00e9 le mardi 19 ao\u00fbt 2025 \u00e0 23h30 En qu\u00eate de renforts offensifs \u00e0 l&rsquo;approche&hellip;\n","protected":false},"author":2,"featured_media":330207,"comment_status":"","ping_status":"","sticky":false,"template":"","format":"standard","meta":{"footnotes":""},"categories":[2820],"tags":[1111,11,1777,674,1011,27,775,12,25,640],"class_list":{"0":"post-330206","1":"post","2":"type-post","3":"status-publish","4":"format-standard","5":"has-post-thumbnail","7":"category-strasbourg","8":"tag-actu","9":"tag-actualites","10":"tag-eu","11":"tag-europe","12":"tag-fr","13":"tag-france","14":"tag-grand-est","15":"tag-news","16":"tag-republique-francaise","17":"tag-strasbourg"},"share_on_mastodon":{"url":"https:\/\/pubeurope.com\/@fr\/115057671847646154","error":""},"_links":{"self":[{"href":"https:\/\/www.europesays.com\/fr\/wp-json\/wp\/v2\/posts\/330206","targetHints":{"allow":["GET"]}}],"collection":[{"href":"https:\/\/www.europesays.com\/fr\/wp-json\/wp\/v2\/posts"}],"about":[{"href":"https:\/\/www.europesays.com\/fr\/wp-json\/wp\/v2\/types\/post"}],"author":[{"embeddable":true,"href":"https:\/\/www.europesays.com\/fr\/wp-json\/wp\/v2\/users\/2"}],"replies":[{"embeddable":true,"href":"https:\/\/www.europesays.com\/fr\/wp-json\/wp\/v2\/comments?post=330206"}],"version-history":[{"count":0,"href":"https:\/\/www.europesays.com\/fr\/wp-json\/wp\/v2\/posts\/330206\/revisions"}],"wp:featuredmedia":[{"embeddable":true,"href":"https:\/\/www.europesays.com\/fr\/wp-json\/wp\/v2\/media\/330207"}],"wp:attachment":[{"href":"https:\/\/www.europesays.com\/fr\/wp-json\/wp\/v2\/media?parent=330206"}],"wp:term":[{"taxonomy":"category","embeddable":true,"href":"https:\/\/www.europesays.com\/fr\/wp-json\/wp\/v2\/categories?post=330206"},{"taxonomy":"post_tag","embeddable":true,"href":"https:\/\/www.europesays.com\/fr\/wp-json\/wp\/v2\/tags?post=330206"}],"curies":[{"name":"wp","href":"https:\/\/api.w.org\/{rel}","templated":true}]}}