{"id":330208,"date":"2025-08-19T21:58:10","date_gmt":"2025-08-19T21:58:10","guid":{"rendered":"https:\/\/www.europesays.com\/fr\/330208\/"},"modified":"2025-08-19T21:58:10","modified_gmt":"2025-08-19T21:58:10","slug":"bete-de-foire-torture-mentalement-qui-etait-jean-pormanove-ou-jp-le-streamer-francais-decede-a-contes-dans-les-alpes-maritimes","status":"publish","type":"post","link":"https:\/\/www.europesays.com\/fr\/330208\/","title":{"rendered":"\u00ab\u00a0B\u00eate de foire\u00a0\u00bb, \u00ab\u00a0tortur\u00e9 mentalement\u00a0\u00bb&#8230; Qui \u00e9tait Jean Pormanove ou \u00ab\u00a0JP\u00a0\u00bb, le streamer fran\u00e7ais d\u00e9c\u00e9d\u00e9 \u00e0 Contes dans les Alpes-Maritimes?"},"content":{"rendered":"<p>On le connaissait sous le nom de \u00ab\u00a0Jean Pormanove\u00a0\u00bb ou \u00ab\u00a0JP\u00a0\u00bb. Ancien militaire, Rapha\u00ebl Graven de son vrai nom, <strong>a commenc\u00e9 sa carri\u00e8re pendant le premier confinement en mars 2020<\/strong>, sur TikTok. Son compte enregistre aujourd&rsquo;hui 580.000 followers.<\/p>\n<p>Il a rapidement compos\u00e9 une forte audience en cr\u00e9ant <strong>des vid\u00e9os d&rsquo;humour et de jeux vid\u00e9o<\/strong> comme GTA V, FIFA ou encore Fortnite.\u00a0<\/p>\n<p>Il \u00e9tait actif sur Twitch, Instagram et YouTube, et a particip\u00e9 \u00e0 des \u00e9v\u00e9nements comme <a href=\"https:\/\/www.youtube.com\/watch?v=tV03aJ8rFnU\" target=\"_blank\" rel=\"noopener\">la Paris Games Week 2022<\/a>.\u00a0<\/p>\n<p>Dans ses contenus, notamment <a href=\"https:\/\/www.youtube.com\/@JeanPormanove\/featured\" target=\"_blank\" rel=\"noopener\">sur sa cha\u00eene YouTube,<\/a>\u00a0on trouve <strong>des d\u00e9fis extr\u00eames<\/strong>, des vlogs dont un \u00e0 Monaco et un \u00e0 Antibes.\u00a0<\/p>\n<p>Il faisait aussi r\u00e9guli\u00e8rement <strong>des marathons de streaming sur Twitch o\u00f9 il enregistrait pr\u00e8s de 670.000 followers<\/strong>.<\/p>\n<p>Il \u00e9tait \u00e9galement tr\u00e8s pr\u00e9sent sur la plateforme Kick. Un\u00a0espace qui a s\u00e9duit des cr\u00e9ateurs et cr\u00e9atrices de contenus car elle offre\u00a0<strong>une r\u00e9mun\u00e9ration\u00a0\u00ab\u00a0plus avantageuse que chez Twitch\u00a0\u00bb<\/strong>, les revenus \u00e9tant rebascul\u00e9s \u00e0 95% aux streamers. La mod\u00e9ration y est beaucoup moins stricte que sur les autres plateformes.\u00a0<\/p>\n<p>                                Un marathon de streaming de 10 jours<\/p>\n<p>En 2024, <a href=\"https:\/\/www.mediapart.fr\/journal\/france\/151224\/kick-far-west-de-la-video-ou-regne-le-laisser-faire\" target=\"_blank\" rel=\"noopener\">une enqu\u00eate de Mediapart<\/a> pointe des actes de maltraitance en direct sur la cha\u00eene \u00ab\u00a0Jeanpormanove\u00a0\u00bb de <strong>la plateforme Kick<\/strong>. On y voit <strong>les influenceurs\u00a0\u00ab\u00a0Naruto\u00a0\u00bb et \u00ab\u00a0Safine\u00a0\u00bb<\/strong>, qui indiquent venir de Nice, se\u00a0livrer \u00e0 <strong>des humiliations physiques et psychologiques<\/strong> pour obtenir les dons des spectateurs (plus de 15.000 en temps r\u00e9el).<\/p>\n<p>\u00c0 la suite de ces r\u00e9v\u00e9lations, le SLPJ (Service local de police judiciaire) de Nice a \u00e9t\u00e9 saisi pour une enqu\u00eate\u00a0visant notamment des faits de \u00ab\u00a0<strong>violences volontaires en r\u00e9union sur personnes vuln\u00e9rables<\/strong>\u00a0\u00bb et de \u00ab\u00a0diffusion d\u2019images relatives \u00e0 la commission d\u2019infractions d\u2019atteintes volontaires \u00e0 l\u2019int\u00e9grit\u00e9 de la personne\u00a0\u00bb.<\/p>\n<p>Ce 18 ao\u00fbt 2025, Jean Pormanove a \u00e9t\u00e9<strong> retrouv\u00e9 inconscient \u00e0 Contes<\/strong>. Selon\u00a0plusieurs internautes, une vid\u00e9o diffus\u00e9e lundi sur Kick montrerait les instants pr\u00e9c\u00e9dant la d\u00e9couverte du corps. Il a \u00e9t\u00e9 d\u00e9clar\u00e9 mort peu de temps apr\u00e8s.\u00a0<\/p>\n<p>Au moment de <a href=\"https:\/\/www.nicematin.com\/faits-divers\/mort-en-direct-du-streamer-jean-pormanove-a-contes-le-parquet-de-nice-ouvre-une-enquete-998560\" target=\"_blank\" rel=\"noopener\">son d\u00e9c\u00e8s<\/a>, il venait d&rsquo;encha\u00eener <strong>un marathon de streaming de 12 jours<\/strong>.\u00a0<\/p>\n<p>Une autopsie a \u00e9t\u00e9 ordonn\u00e9e pour d\u00e9terminer les causes du d\u00e9c\u00e8s.\u00a0<\/p>\n<p>Un homme \u00ab\u00a0malmen\u00e9, humili\u00e9\u00a0\u00bb<\/p>\n<p>En remontant les stories Instagram de son coll\u00e8gue streamer Naruto publi\u00e9es il y a cinq ans, <strong>on le voit filmer le quotidien de \u00ab\u00a0JP\u00a0\u00bb \u00e0 Nice<\/strong>. Naruto le filme chez le coiffeur, en train d&rsquo;acheter des baskets, \u00e0 la plage ou encore dans les rues la nuit. Il explique que \u00ab\u00a0JP est pass\u00e9 de 20 caf\u00e9s par jour chez lui \u00e0 2-3 caf\u00e9s par jour ici\u00a0\u00bb et qu&rsquo;il a \u00ab\u00a0diminu\u00e9 la clope par deux\u00a0\u00bb.\u00a0<\/p>\n<p>Mais sur d&rsquo;autres r\u00e9seaux comme YouTube ou X (ex-Twitter), de nombreuses personnes pointent l&rsquo;utilisation comme <strong>\u00ab\u00a0b\u00eate de foire pendant des ann\u00e9es\u00a0\u00bb<\/strong> de Jean Pormanove. Il est question d&rsquo;un homme \u00ab\u00a0malmen\u00e9, humili\u00e9\u00a0\u00bb, et \u00ab\u00a0tortur\u00e9 mentalement\u00a0\u00bb\u00a0et de personnes qui ont abus\u00e9 de sa \u00ab\u00a0faiblesse psychologique\u00a0\u00bb.<\/p>\n<p>Dans un post public, <strong>Naruto \u00e9voque un \u00ab\u00a0fr\u00e8re\u00a0\u00bb, un \u00ab\u00a0acolyte\u00a0\u00bb,\u00a0un \u00ab\u00a0partenaire\u00a0\u00bb, avec qui il a pass\u00e9 \u00ab\u00a0six ann\u00e9es\u00a0\u00bb<\/strong>. Il demande \u00e9galement \u00ab\u00a0de ne pas partager la vid\u00e9o de son dernier souffle dans son sommeil\u00a0\u00bb.\u00a0<\/p>\n","protected":false},"excerpt":{"rendered":"On le connaissait sous le nom de \u00ab\u00a0Jean Pormanove\u00a0\u00bb ou \u00ab\u00a0JP\u00a0\u00bb. Ancien militaire, Rapha\u00ebl Graven de son vrai&hellip;\n","protected":false},"author":2,"featured_media":330209,"comment_status":"","ping_status":"","sticky":false,"template":"","format":"standard","meta":{"footnotes":""},"categories":[2819],"tags":[1111,11,1777,674,118,1011,27,8206,303,1393,12,2401,882,25,717],"class_list":{"0":"post-330208","1":"post","2":"type-post","3":"status-publish","4":"format-standard","5":"has-post-thumbnail","7":"category-nice","8":"tag-actu","9":"tag-actualites","10":"tag-eu","11":"tag-europe","12":"tag-faits-divers","13":"tag-fr","14":"tag-france","15":"tag-jeux-videos","16":"tag-justice","17":"tag-loisirs","18":"tag-news","19":"tag-nice","20":"tag-provence-alpes-cote-dazur","21":"tag-republique-francaise","22":"tag-technologie"},"share_on_mastodon":{"url":"https:\/\/pubeurope.com\/@fr\/115057675749730405","error":""},"_links":{"self":[{"href":"https:\/\/www.europesays.com\/fr\/wp-json\/wp\/v2\/posts\/330208","targetHints":{"allow":["GET"]}}],"collection":[{"href":"https:\/\/www.europesays.com\/fr\/wp-json\/wp\/v2\/posts"}],"about":[{"href":"https:\/\/www.europesays.com\/fr\/wp-json\/wp\/v2\/types\/post"}],"author":[{"embeddable":true,"href":"https:\/\/www.europesays.com\/fr\/wp-json\/wp\/v2\/users\/2"}],"replies":[{"embeddable":true,"href":"https:\/\/www.europesays.com\/fr\/wp-json\/wp\/v2\/comments?post=330208"}],"version-history":[{"count":0,"href":"https:\/\/www.europesays.com\/fr\/wp-json\/wp\/v2\/posts\/330208\/revisions"}],"wp:featuredmedia":[{"embeddable":true,"href":"https:\/\/www.europesays.com\/fr\/wp-json\/wp\/v2\/media\/330209"}],"wp:attachment":[{"href":"https:\/\/www.europesays.com\/fr\/wp-json\/wp\/v2\/media?parent=330208"}],"wp:term":[{"taxonomy":"category","embeddable":true,"href":"https:\/\/www.europesays.com\/fr\/wp-json\/wp\/v2\/categories?post=330208"},{"taxonomy":"post_tag","embeddable":true,"href":"https:\/\/www.europesays.com\/fr\/wp-json\/wp\/v2\/tags?post=330208"}],"curies":[{"name":"wp","href":"https:\/\/api.w.org\/{rel}","templated":true}]}}