{"id":330212,"date":"2025-08-19T22:02:19","date_gmt":"2025-08-19T22:02:19","guid":{"rendered":"https:\/\/www.europesays.com\/fr\/330212\/"},"modified":"2025-08-19T22:02:19","modified_gmt":"2025-08-19T22:02:19","slug":"le-debrief-muscle-de-luis-castro-a-matthis-abline-apres-la-defaite-contre-le-psg","status":"publish","type":"post","link":"https:\/\/www.europesays.com\/fr\/330212\/","title":{"rendered":"le d\u00e9brief muscl\u00e9 de Luis Castro \u00e0 Matthis Abline apr\u00e8s la d\u00e9faite contre le PSG"},"content":{"rendered":"<p>Souhaitant quitter le FC <a href=\"https:\/\/www.footmercato.net\/club\/fc-nantes\/\" rel=\"nofollow noopener\" target=\"_blank\">Nantes<\/a> cet \u00e9t\u00e9 et se retrouvant li\u00e9 \u00e0 l\u2019Olympique de Marseille, Sunderland, le Paris FC et le Lille OSC durant l\u2019\u00e9t\u00e9, l\u2019attaquant <a href=\"https:\/\/www.footmercato.net\/joueur\/matthis-abline\/\" rel=\"nofollow noopener\" target=\"_blank\">Matthis Abline<\/a> (22 ans) est toujours un joueur des Canaris. Auteur de 11 buts et 2 passes d\u00e9cisives en 36 rencontres l\u2019an dernier, il a repris la saison sur le banc compte tenu de sa situation personnelle et a disput\u00e9 31 minutes contre le Paris Saint-Germain. <\/p>\n<p>            La suite apr\u00e8s cette publicit\u00e9<\/p>\n<p>Apr\u00e8s cette d\u00e9faite 1-0, le coach des Canaris Luis Castro a eu de sacr\u00e9es remontrances envers le joueur form\u00e9 au Stade Rennais comme le rapporte <a href=\"https:\/\/rmcsport.bfmtv.com\/football\/transferts\/nantes-psg-abline-a-eu-droit-a-un-debrief-muscle-de-la-part-de-castro-dans-le-vestiaire_AV-202508190525.html\" rel=\"nofollow noopener\" target=\"_blank\">RMC Sport<\/a>. Ainsi, l\u2019ancien coach de Dunkerque se serait servi des images du match pour reprocher certaines choses au joueur en lui montrant action par action ce qu\u2019il aurait d\u00fb faire et le faire face \u00e0 ses responsabilit\u00e9s. Une m\u00e9thode assez autoritaire pour le coach qui a reproch\u00e9 au joueur son ccomportementd\u00e9fensif au cours du match. <\/p>\n<p>\n    Pub. le 19\/08\/2025 20:48<br \/>\n            &#8211; MAJ le 19\/08\/2025 23:53\n    <\/p>\n","protected":false},"excerpt":{"rendered":"Souhaitant quitter le FC Nantes cet \u00e9t\u00e9 et se retrouvant li\u00e9 \u00e0 l\u2019Olympique de Marseille, Sunderland, le Paris&hellip;\n","protected":false},"author":2,"featured_media":112620,"comment_status":"","ping_status":"","sticky":false,"template":"","format":"standard","meta":{"footnotes":""},"categories":[2818],"tags":[1111,11,1777,674,1011,27,766,12,2636,25],"class_list":{"0":"post-330212","1":"post","2":"type-post","3":"status-publish","4":"format-standard","5":"has-post-thumbnail","7":"category-nantes","8":"tag-actu","9":"tag-actualites","10":"tag-eu","11":"tag-europe","12":"tag-fr","13":"tag-france","14":"tag-nantes","15":"tag-news","16":"tag-pays-de-la-loire","17":"tag-republique-francaise"},"share_on_mastodon":{"url":"https:\/\/pubeurope.com\/@fr\/115057691437012785","error":""},"_links":{"self":[{"href":"https:\/\/www.europesays.com\/fr\/wp-json\/wp\/v2\/posts\/330212","targetHints":{"allow":["GET"]}}],"collection":[{"href":"https:\/\/www.europesays.com\/fr\/wp-json\/wp\/v2\/posts"}],"about":[{"href":"https:\/\/www.europesays.com\/fr\/wp-json\/wp\/v2\/types\/post"}],"author":[{"embeddable":true,"href":"https:\/\/www.europesays.com\/fr\/wp-json\/wp\/v2\/users\/2"}],"replies":[{"embeddable":true,"href":"https:\/\/www.europesays.com\/fr\/wp-json\/wp\/v2\/comments?post=330212"}],"version-history":[{"count":0,"href":"https:\/\/www.europesays.com\/fr\/wp-json\/wp\/v2\/posts\/330212\/revisions"}],"wp:featuredmedia":[{"embeddable":true,"href":"https:\/\/www.europesays.com\/fr\/wp-json\/wp\/v2\/media\/112620"}],"wp:attachment":[{"href":"https:\/\/www.europesays.com\/fr\/wp-json\/wp\/v2\/media?parent=330212"}],"wp:term":[{"taxonomy":"category","embeddable":true,"href":"https:\/\/www.europesays.com\/fr\/wp-json\/wp\/v2\/categories?post=330212"},{"taxonomy":"post_tag","embeddable":true,"href":"https:\/\/www.europesays.com\/fr\/wp-json\/wp\/v2\/tags?post=330212"}],"curies":[{"name":"wp","href":"https:\/\/api.w.org\/{rel}","templated":true}]}}