{"id":330213,"date":"2025-08-19T22:03:15","date_gmt":"2025-08-19T22:03:15","guid":{"rendered":"https:\/\/www.europesays.com\/fr\/330213\/"},"modified":"2025-08-19T22:03:15","modified_gmt":"2025-08-19T22:03:15","slug":"une-collecte-de-fournitures-scolaires-prevue-a-lhypermarche-auchan-de-bouliac","status":"publish","type":"post","link":"https:\/\/www.europesays.com\/fr\/330213\/","title":{"rendered":"Une collecte de fournitures scolaires pr\u00e9vue \u00e0 l\u2019hypermarch\u00e9 Auchan de Bouliac"},"content":{"rendered":"<p>\u00c0 ce titre, dans le cadre d\u2019une op\u00e9ration nationale, les b\u00e9n\u00e9voles assureront une collecte de fournitures scolaires \u00e0 l\u2019hypermarch\u00e9 Auchan-Bouliac, samedi 23\u00a0ao\u00fbt, de 8\u00a0h\u00a030 \u00e0 19\u00a0h\u00a030. \u00ab\u00a0L\u2019an, dernier nous avons collect\u00e9 environ une tonne de mat\u00e9riel, lequel, \u00e0 la rentr\u00e9e et tout au long de l\u2019ann\u00e9e, sera distribu\u00e9 aux enfants des 150 familles que nous aidons\u00a0\u00bb, informe Daniel Brun, le secr\u00e9taire g\u00e9n\u00e9ral du comit\u00e9 local.<\/p>\n","protected":false},"excerpt":{"rendered":"\u00c0 ce titre, dans le cadre d\u2019une op\u00e9ration nationale, les b\u00e9n\u00e9voles assureront une collecte de fournitures scolaires \u00e0&hellip;\n","protected":false},"author":2,"featured_media":330214,"comment_status":"","ping_status":"","sticky":false,"template":"","format":"standard","meta":{"footnotes":""},"categories":[2817],"tags":[1111,11,1997,1777,674,1011,27,12,2219,25],"class_list":{"0":"post-330213","1":"post","2":"type-post","3":"status-publish","4":"format-standard","5":"has-post-thumbnail","7":"category-bordeaux","8":"tag-actu","9":"tag-actualites","10":"tag-bordeaux","11":"tag-eu","12":"tag-europe","13":"tag-fr","14":"tag-france","15":"tag-news","16":"tag-nouvelle-aquitaine","17":"tag-republique-francaise"},"share_on_mastodon":{"url":"https:\/\/pubeurope.com\/@fr\/115057695397281609","error":""},"_links":{"self":[{"href":"https:\/\/www.europesays.com\/fr\/wp-json\/wp\/v2\/posts\/330213","targetHints":{"allow":["GET"]}}],"collection":[{"href":"https:\/\/www.europesays.com\/fr\/wp-json\/wp\/v2\/posts"}],"about":[{"href":"https:\/\/www.europesays.com\/fr\/wp-json\/wp\/v2\/types\/post"}],"author":[{"embeddable":true,"href":"https:\/\/www.europesays.com\/fr\/wp-json\/wp\/v2\/users\/2"}],"replies":[{"embeddable":true,"href":"https:\/\/www.europesays.com\/fr\/wp-json\/wp\/v2\/comments?post=330213"}],"version-history":[{"count":0,"href":"https:\/\/www.europesays.com\/fr\/wp-json\/wp\/v2\/posts\/330213\/revisions"}],"wp:featuredmedia":[{"embeddable":true,"href":"https:\/\/www.europesays.com\/fr\/wp-json\/wp\/v2\/media\/330214"}],"wp:attachment":[{"href":"https:\/\/www.europesays.com\/fr\/wp-json\/wp\/v2\/media?parent=330213"}],"wp:term":[{"taxonomy":"category","embeddable":true,"href":"https:\/\/www.europesays.com\/fr\/wp-json\/wp\/v2\/categories?post=330213"},{"taxonomy":"post_tag","embeddable":true,"href":"https:\/\/www.europesays.com\/fr\/wp-json\/wp\/v2\/tags?post=330213"}],"curies":[{"name":"wp","href":"https:\/\/api.w.org\/{rel}","templated":true}]}}