{"id":330215,"date":"2025-08-19T22:04:19","date_gmt":"2025-08-19T22:04:19","guid":{"rendered":"https:\/\/www.europesays.com\/fr\/330215\/"},"modified":"2025-08-19T22:04:19","modified_gmt":"2025-08-19T22:04:19","slug":"eric-vandenabeele-bordeaux-cest-encore-un-cran-au-dessus","status":"publish","type":"post","link":"https:\/\/www.europesays.com\/fr\/330215\/","title":{"rendered":"\u00c9ric Vandenabeele : \u00ab\u00a0Bordeaux, c\u2019est encore un cran au-dessus\u00a0\u00bb"},"content":{"rendered":"<p><img width=\"773\" height=\"380\" data-lazy-type=\"image\" src=\"https:\/\/www.europesays.com\/fr\/wp-content\/uploads\/2025\/08\/bandicam-2025-08-18-19-01-41-901-773x380.jpg\" class=\"lazy lazy-hidden attachment-alchemists_thumbnail-lg size-alchemists_thumbnail-lg wp-post-image\" alt=\"\" decoding=\"async\" fetchpriority=\"high\"\/><\/p>\n<p>Sur TV7, le d\u00e9fenseur central des Girondins de Bordeaux,<br \/>\n<strong>\u00c9ric Vandenabeele<\/strong>, a, comme son entraineur,<br \/>\nexpliqu\u00e9 ce qu\u2019il avait manqu\u00e9 au Club au Scapulaire face \u00e0<br \/>\nAvranches, tout en expliquant les raisons : le manque de poids dans<br \/>\nle domaine offensif.<\/p>\n<blockquote>\n<p>\u00ab Il en a manqu\u00e9 un petit peu offensivement\u2026 On est un groupe de<br \/>\nnouveaux joueurs, et on manque encore un petit peu d\u2018automatismes.<br \/>\nMais bon, aujourd\u2019hui, on va retenir le positif, et on a su ne pas<br \/>\nprendre de but. On va rester l\u00e0-dessus \u00bb.<\/p>\n<\/blockquote>\n<p>Puis, comme il le fit en zone mixte, il s\u2019exprima sur l\u2019ambiance<br \/>\nau sein du Stade Atlantique, qui a accueilli pr\u00e8s de 12000<br \/>\nspectateurs pour un match de quatri\u00e8me division\u2026 Un 13\u00e8me homme qui<br \/>\nsera important selon le bordelais pour esp\u00e9rer atteindre l\u2019objectif<br \/>\nde fin de saison : la mont\u00e9e.<\/p>\n<blockquote>\n<p>\u00ab\u00a0Quand je suis rentr\u00e9 sur le terrain \u00e0 l\u2019\u00e9chauffement,<br \/>\nj\u2019en avais des frissons. J\u2019ai connu aussi un club comme Grenoble,<br \/>\nqui n\u2019est pas au niveau de Bordeaux, mais qui a aussi un tr\u00e8s bon<br \/>\npublic. Mais l\u00e0, c\u2019est encore un cran au-dessus, et cela fait<br \/>\nplaisir d\u2019avoir tout ce monde-l\u00e0 pour nous supporter. On va avoir<br \/>\nbesoin d\u2019eux cette saison pour aller chercher cette mont\u00e9e en<br \/>\nNational\u00a0\u00bb.<\/p>\n<\/blockquote>\n<p style=\"text-align: right;\"><a href=\"http:\/\/girondins4ever.com\" rel=\"nofollow noopener\" target=\"_blank\">Retranscription Girondins4Ever<\/a><\/p>\n<p style=\"text-align: center;\"><img loading=\"lazy\" decoding=\"async\" class=\"lazy lazy-hidden alignnone size-full wp-image-560046\" data-lazy-type=\"image\" src=\"https:\/\/www.europesays.com\/fr\/wp-content\/uploads\/2025\/08\/bandicam-2025-08-18-19-01-35-609.jpg\" alt=\"\" width=\"868\" height=\"579\"  \/><\/p>\n","protected":false},"excerpt":{"rendered":"Sur TV7, le d\u00e9fenseur central des Girondins de Bordeaux, \u00c9ric Vandenabeele, a, comme son entraineur, expliqu\u00e9 ce qu\u2019il&hellip;\n","protected":false},"author":2,"featured_media":330216,"comment_status":"","ping_status":"","sticky":false,"template":"","format":"standard","meta":{"footnotes":""},"categories":[2817],"tags":[1111,11,1997,1777,674,1011,27,12,2219,25],"class_list":{"0":"post-330215","1":"post","2":"type-post","3":"status-publish","4":"format-standard","5":"has-post-thumbnail","7":"category-bordeaux","8":"tag-actu","9":"tag-actualites","10":"tag-bordeaux","11":"tag-eu","12":"tag-europe","13":"tag-fr","14":"tag-france","15":"tag-news","16":"tag-nouvelle-aquitaine","17":"tag-republique-francaise"},"share_on_mastodon":{"url":"https:\/\/pubeurope.com\/@fr\/115057699461668912","error":""},"_links":{"self":[{"href":"https:\/\/www.europesays.com\/fr\/wp-json\/wp\/v2\/posts\/330215","targetHints":{"allow":["GET"]}}],"collection":[{"href":"https:\/\/www.europesays.com\/fr\/wp-json\/wp\/v2\/posts"}],"about":[{"href":"https:\/\/www.europesays.com\/fr\/wp-json\/wp\/v2\/types\/post"}],"author":[{"embeddable":true,"href":"https:\/\/www.europesays.com\/fr\/wp-json\/wp\/v2\/users\/2"}],"replies":[{"embeddable":true,"href":"https:\/\/www.europesays.com\/fr\/wp-json\/wp\/v2\/comments?post=330215"}],"version-history":[{"count":0,"href":"https:\/\/www.europesays.com\/fr\/wp-json\/wp\/v2\/posts\/330215\/revisions"}],"wp:featuredmedia":[{"embeddable":true,"href":"https:\/\/www.europesays.com\/fr\/wp-json\/wp\/v2\/media\/330216"}],"wp:attachment":[{"href":"https:\/\/www.europesays.com\/fr\/wp-json\/wp\/v2\/media?parent=330215"}],"wp:term":[{"taxonomy":"category","embeddable":true,"href":"https:\/\/www.europesays.com\/fr\/wp-json\/wp\/v2\/categories?post=330215"},{"taxonomy":"post_tag","embeddable":true,"href":"https:\/\/www.europesays.com\/fr\/wp-json\/wp\/v2\/tags?post=330215"}],"curies":[{"name":"wp","href":"https:\/\/api.w.org\/{rel}","templated":true}]}}