{"id":330219,"date":"2025-08-19T22:06:12","date_gmt":"2025-08-19T22:06:12","guid":{"rendered":"https:\/\/www.europesays.com\/fr\/330219\/"},"modified":"2025-08-19T22:06:12","modified_gmt":"2025-08-19T22:06:12","slug":"la-pression-est-venue-des-bords-du-tibre-comment-rome-a-bloque-la-promotion-dun-pretre-condamne-a-toulouse","status":"publish","type":"post","link":"https:\/\/www.europesays.com\/fr\/330219\/","title":{"rendered":"\u00ab\u00a0La pression est venue des bords du Tibre\u00a0\u00bb\u00a0: comment Rome a bloqu\u00e9 la promotion d\u2019un pr\u00eatre condamn\u00e9 \u00e0 Toulouse"},"content":{"rendered":"<p class=\"paragraph text_align_left lp-f-body-02\">Retour sur les faits. Fin juin, le pr\u00e9lat toulousain d\u00e9cide de nommer l\u2019abb\u00e9 Dominique Spina comme chancelier. Une fonction en vue, proche du notariat, qui consiste, entre autres, \u00e0 g\u00e9rer l\u2019ensemble des actes du secteur &#8211; bapt\u00eames, mariages, d\u00e9c\u00e8s. Toll\u00e9 g\u00e9n\u00e9ral : le pr\u00eatre a \u00e9t\u00e9 condamn\u00e9 en 2006 pour avoir viol\u00e9 un mineur, lequel lui avait \u00e9t\u00e9 pr\u00e9sent\u00e9 dans les ann\u00e9es 1990 par le p\u00e8re Silvert-Carricart, le directeur-pr\u00eatre de <a href=\"https:\/\/www.leparisien.fr\/societe\/il-faisait-des-piqures-a-leau-par-pur-sadisme-le-terrible-recit-de-didier-ancien-eleve-a-betharram-23-07-2025-IT3WXG22RBBQ3AJYVSR6BJK754.php\" target=\"_blank\" rel=\"noreferrer noopener\">Notre-Dame de B\u00e9tharram<\/a> &#8211; l\u2019institution catholique b\u00e9arnaise dans laquelle 217 plaintes pour abus ont \u00e9t\u00e9 d\u00e9pos\u00e9es par d\u2019anciens \u00e9l\u00e8ves.<\/p>\n","protected":false},"excerpt":{"rendered":"Retour sur les faits. Fin juin, le pr\u00e9lat toulousain d\u00e9cide de nommer l\u2019abb\u00e9 Dominique Spina comme chancelier. Une&hellip;\n","protected":false},"author":2,"featured_media":330220,"comment_status":"","ping_status":"","sticky":false,"template":"","format":"standard","meta":{"footnotes":""},"categories":[2816],"tags":[1111,11,459,1777,674,1011,27,12,2680,11725,25,104,2312],"class_list":{"0":"post-330219","1":"post","2":"type-post","3":"status-publish","4":"format-standard","5":"has-post-thumbnail","7":"category-toulouse","8":"tag-actu","9":"tag-actualites","10":"tag-departements-horsidfo","11":"tag-eu","12":"tag-europe","13":"tag-fr","14":"tag-france","15":"tag-news","16":"tag-occitanie","17":"tag-religions","18":"tag-republique-francaise","19":"tag-societe","20":"tag-toulouse"},"share_on_mastodon":{"url":"https:\/\/pubeurope.com\/@fr\/115057707123291961","error":""},"_links":{"self":[{"href":"https:\/\/www.europesays.com\/fr\/wp-json\/wp\/v2\/posts\/330219","targetHints":{"allow":["GET"]}}],"collection":[{"href":"https:\/\/www.europesays.com\/fr\/wp-json\/wp\/v2\/posts"}],"about":[{"href":"https:\/\/www.europesays.com\/fr\/wp-json\/wp\/v2\/types\/post"}],"author":[{"embeddable":true,"href":"https:\/\/www.europesays.com\/fr\/wp-json\/wp\/v2\/users\/2"}],"replies":[{"embeddable":true,"href":"https:\/\/www.europesays.com\/fr\/wp-json\/wp\/v2\/comments?post=330219"}],"version-history":[{"count":0,"href":"https:\/\/www.europesays.com\/fr\/wp-json\/wp\/v2\/posts\/330219\/revisions"}],"wp:featuredmedia":[{"embeddable":true,"href":"https:\/\/www.europesays.com\/fr\/wp-json\/wp\/v2\/media\/330220"}],"wp:attachment":[{"href":"https:\/\/www.europesays.com\/fr\/wp-json\/wp\/v2\/media?parent=330219"}],"wp:term":[{"taxonomy":"category","embeddable":true,"href":"https:\/\/www.europesays.com\/fr\/wp-json\/wp\/v2\/categories?post=330219"},{"taxonomy":"post_tag","embeddable":true,"href":"https:\/\/www.europesays.com\/fr\/wp-json\/wp\/v2\/tags?post=330219"}],"curies":[{"name":"wp","href":"https:\/\/api.w.org\/{rel}","templated":true}]}}