{"id":330221,"date":"2025-08-19T22:08:24","date_gmt":"2025-08-19T22:08:24","guid":{"rendered":"https:\/\/www.europesays.com\/fr\/330221\/"},"modified":"2025-08-19T22:08:24","modified_gmt":"2025-08-19T22:08:24","slug":"il-retrouve-sa-voiture-volee-grace-aux-rayures-sur-la-carrosserie-2","status":"publish","type":"post","link":"https:\/\/www.europesays.com\/fr\/330221\/","title":{"rendered":"Il retrouve sa voiture vol\u00e9e gr\u00e2ce aux rayures sur la carrosserie"},"content":{"rendered":"<p><strong>l\u2019\u0153il du tigre &#8211; Malgr\u00e9 une fausse immatriculation, le propri\u00e9taire d\u2019une voiture qui avait \u00e9t\u00e9 vol\u00e9e a pu reconna\u00eetre son v\u00e9hicule \u00e0 l\u2019aide de signes particuliers oubli\u00e9s par le voleur<\/strong><\/p>\n<p>Un mal pour un bien. On ne va pas se mentir, les chances de retrouver en bon \u00e9tat un <a href=\"https:\/\/www.20minutes.fr\/dossier\/voiture?at_medium=RSS%20feed&amp;at_campaign=ynews&amp;utm_source=yahoo&amp;utm_medium=rss&amp;utm_campaign=news_feed&amp;utm_content=in_article_link\" rel=\"nofollow noopener\" target=\"_blank\" data-ylk=\"slk:v\u00e9hicule vol\u00e9;elm:context_link;itc:0;sec:content-canvas\" class=\"link \">v\u00e9hicule vol\u00e9<\/a> sont minces. Minces, mais pas inexistantes, surtout lorsque l\u2019on a l\u2019\u0153il bien aiguis\u00e9 et que le voleur n\u2019est pas tr\u00e8s malin. C\u2019est ce combo qui a permis \u00e0 un <a href=\"https:\/\/www.20minutes.fr\/lille\/?at_medium=RSS%20feed&amp;at_campaign=ynews&amp;utm_source=yahoo&amp;utm_medium=rss&amp;utm_campaign=news_feed&amp;utm_content=in_article_link\" rel=\"nofollow noopener\" target=\"_blank\" data-ylk=\"slk:Lillois;elm:context_link;itc:0;sec:content-canvas\" class=\"link \">Lillois <\/a>de r\u00e9cup\u00e9rer sa <a href=\"https:\/\/www.20minutes.fr\/dossier\/renault?at_medium=RSS%20feed&amp;at_campaign=ynews&amp;utm_source=yahoo&amp;utm_medium=rss&amp;utm_campaign=news_feed&amp;utm_content=in_article_link\" rel=\"nofollow noopener\" target=\"_blank\" data-ylk=\"slk:Renault;elm:context_link;itc:0;sec:content-canvas\" class=\"link \">Renault <\/a>M\u00e9gane, disparue quelques jours plus t\u00f4t, a-t-on appris aupr\u00e8s de la police.<\/p>\n<p>Si l\u2019on tape \u00ab\u00a0M\u00e9gane 4\u00a0\u00bb dans le moteur de recherche du Bon coin, m\u00eame en restreignant le p\u00e9rim\u00e8tre \u00e0 100\u00a0km autour de Lille, on a quand m\u00eame plus de 600 annonces qui s\u2019affichent. Pas impressionn\u00e9 par l\u2019ampleur de la t\u00e2che, c\u2019est ce qu\u2019a fait un automobiliste lillois apr\u00e8s s\u2019\u00eatre fait d\u00e9rober son v\u00e9hicule.<\/p>\n<p>Identifi\u00e9e gr\u00e2ce aux d\u00e9gradations de la carrosserie<\/p>\n<p>Et en scrollant les centaines d\u2019annonces, une lui a saut\u00e9 aux yeux. Pas de doute pour le Lillois, cette M\u00e9gane en vente sur le site \u00e9tait bien la sienne bien qu\u2019elle arborait une plaque d\u2019immatriculation diff\u00e9rente. Sur les photos du v\u00e9hicule, l\u2019automobiliste a en effet rep\u00e9r\u00e9 des d\u00e9g\u00e2ts sur la carrosserie parfaitement identiques \u00e0 ceux de sa voiture.<\/p>\n<p>Fort de ses arguments, le Lillois a contact\u00e9 la police et arrang\u00e9 un rendez-vous avec le vendeur. Ce dernier a pu \u00eatre interpell\u00e9, samedi, par des agents de la BAC venus surveiller la transaction. La voiture \u00e9tait en effet celle d\u00e9rob\u00e9e au Lillois quelques jours plus t\u00f4t. Le voleur avait juste chang\u00e9 les plaques et \u00e9tabli un faux certificat d\u2019immatriculation. Il a \u00e9t\u00e9 plac\u00e9 en garde \u00e0 vue.<\/p>\n<p><a href=\"https:\/\/www.20minutes.fr\/lille\/4168392-20250818-lille-retrouve-voiture-volee-grace-rayures-carrosserie?at_medium=RSS%20feed&amp;at_campaign=ynews&amp;utm_source=yahoo&amp;utm_medium=rss&amp;utm_campaign=news_feed&amp;utm_content=read_more_link&quot;\" rel=\"nofollow noopener\" target=\"_blank\" data-ylk=\"slk:Lire la suite sur 20minutes;elm:context_link;itc:0;sec:content-canvas\" class=\"link \">Lire la suite sur 20minutes<\/a><\/p>\n<p>\u00c0 lire aussi :<br \/><a href=\"https:\/\/www.20minutes.fr\/societe\/4110473-20240917-narbonne-perseverance-jeune-parisienne-recuperer-voiture-volee?at_medium=RSS%20feed&amp;at_campaign=ynews&amp;utm_source=yahoo&amp;utm_medium=rss&amp;utm_campaign=news_feed&amp;utm_content=related_content_link\" rel=\"nofollow noopener\" target=\"_blank\" data-ylk=\"slk:Narbonne\u00a0: La pers\u00e9v\u00e9rance d\u2019une jeune Parisienne pour r\u00e9cup\u00e9rer sa voiture vol\u00e9e;elm:context_link;itc:0;sec:content-canvas\" class=\"link \">Narbonne\u00a0: La pers\u00e9v\u00e9rance d\u2019une jeune Parisienne pour r\u00e9cup\u00e9rer sa voiture vol\u00e9e<\/a><br \/><a href=\"https:\/\/www.20minutes.fr\/justice\/4111972-20240925-ales-confie-voiture-course-mecanicien-retrouve-site-annonces?at_medium=RSS%20feed&amp;at_campaign=ynews&amp;utm_source=yahoo&amp;utm_medium=rss&amp;utm_campaign=news_feed&amp;utm_content=related_content_link\" rel=\"nofollow noopener\" target=\"_blank\" data-ylk=\"slk:Al\u00e8s\u00a0: Il confie sa voiture de course \u00e0 un m\u00e9canicien et la retrouve sur un site d\u2019annonces;elm:context_link;itc:0;sec:content-canvas\" class=\"link \">Al\u00e8s\u00a0: Il confie sa voiture de course \u00e0 un m\u00e9canicien et la retrouve sur un site d\u2019annonces<\/a><\/p>\n","protected":false},"excerpt":{"rendered":"l\u2019\u0153il du tigre &#8211; Malgr\u00e9 une fausse immatriculation, le propri\u00e9taire d\u2019une voiture qui avait \u00e9t\u00e9 vol\u00e9e a pu&hellip;\n","protected":false},"author":2,"featured_media":139657,"comment_status":"","ping_status":"","sticky":false,"template":"","format":"standard","meta":{"footnotes":""},"categories":[2815],"tags":[1111,11,1777,674,1011,27,811,1307,4670,12,46770,25,46769,46771],"class_list":{"0":"post-330221","1":"post","2":"type-post","3":"status-publish","4":"format-standard","5":"has-post-thumbnail","7":"category-lille","8":"tag-actu","9":"tag-actualites","10":"tag-eu","11":"tag-europe","12":"tag-fr","13":"tag-france","14":"tag-hauts-de-france","15":"tag-lille","16":"tag-lillois","17":"tag-news","18":"tag-proprietaire-dune-voiture","19":"tag-republique-francaise","20":"tag-un-mal-pour-un-bien","21":"tag-vehicule-vole"},"share_on_mastodon":{"url":"https:\/\/pubeurope.com\/@fr\/115057715304497026","error":""},"_links":{"self":[{"href":"https:\/\/www.europesays.com\/fr\/wp-json\/wp\/v2\/posts\/330221","targetHints":{"allow":["GET"]}}],"collection":[{"href":"https:\/\/www.europesays.com\/fr\/wp-json\/wp\/v2\/posts"}],"about":[{"href":"https:\/\/www.europesays.com\/fr\/wp-json\/wp\/v2\/types\/post"}],"author":[{"embeddable":true,"href":"https:\/\/www.europesays.com\/fr\/wp-json\/wp\/v2\/users\/2"}],"replies":[{"embeddable":true,"href":"https:\/\/www.europesays.com\/fr\/wp-json\/wp\/v2\/comments?post=330221"}],"version-history":[{"count":0,"href":"https:\/\/www.europesays.com\/fr\/wp-json\/wp\/v2\/posts\/330221\/revisions"}],"wp:featuredmedia":[{"embeddable":true,"href":"https:\/\/www.europesays.com\/fr\/wp-json\/wp\/v2\/media\/139657"}],"wp:attachment":[{"href":"https:\/\/www.europesays.com\/fr\/wp-json\/wp\/v2\/media?parent=330221"}],"wp:term":[{"taxonomy":"category","embeddable":true,"href":"https:\/\/www.europesays.com\/fr\/wp-json\/wp\/v2\/categories?post=330221"},{"taxonomy":"post_tag","embeddable":true,"href":"https:\/\/www.europesays.com\/fr\/wp-json\/wp\/v2\/tags?post=330221"}],"curies":[{"name":"wp","href":"https:\/\/api.w.org\/{rel}","templated":true}]}}