{"id":330222,"date":"2025-08-19T22:09:18","date_gmt":"2025-08-19T22:09:18","guid":{"rendered":"https:\/\/www.europesays.com\/fr\/330222\/"},"modified":"2025-08-19T22:09:18","modified_gmt":"2025-08-19T22:09:18","slug":"symbiose-vallee-un-evenement-rse-pour-lutter-contre-la-pollution-des-cours-deau","status":"publish","type":"post","link":"https:\/\/www.europesays.com\/fr\/330222\/","title":{"rendered":"Symbiose Vall\u00e9e, un \u00e9v\u00e9nement RSE pour lutter contre la pollution des cours d\u2019eau"},"content":{"rendered":"<p>Le 26 septembre, Aubagne accueille \u00e0 la Ressourcerie Le Dirigeable l\u2019\u00e9v\u00e9nement Symbiose Vall\u00e9e 2025, destin\u00e9 aux entreprises et acteurs locaux. Il est co-pilot\u00e9 par Citoyens de la Terre et Coop\u00e9ration Planet, en partenariat avec l\u2019Ademe, la R\u00e9gion Sud, la M\u00e9tropole Aix-Marseille-Provence et plusieurs partenaires priv\u00e9s.<\/p>\n<p>L\u2019objectif est de renforcer la coop\u00e9ration entre acteurs du territoire et de mettre en \u0153uvre des actions concr\u00e8tes dans le cadre de d\u00e9marches RSE. La RSE (Responsabilit\u00e9 Soci\u00e9tale des Entreprises) d\u00e9signe l\u2019ensemble des pratiques qu\u2019une organisation met en place pour int\u00e9grer les pr\u00e9occupations sociales, environnementales et \u00e9conomiques dans ses activit\u00e9s et ses relations avec ses parties prenantes. Concr\u00e8tement, cela peut passer par la r\u00e9duction de l\u2019empreinte \u00e9cologique, le soutien \u00e0 des projets locaux, l\u2019am\u00e9lioration du bien-\u00eatre des salari\u00e9s ou la contribution \u00e0 la protection de l\u2019environnement. Ici, il s\u2019agit de lutter contre la pollution des cours d\u2019eau, de favoriser le travail collectif et de cr\u00e9er des liens entre entreprises, associations et citoyens.\u00a0<\/p>\n<p>Un atelier d\u2019intelligence territoriale pour commencer, et une action de nettoyage de la rivi\u00e8re du Fauge<\/p>\n<p>La journ\u00e9e se d\u00e9roulera en deux temps. De 12h \u00e0 14h, un atelier d\u2019intelligence territoriale aura lieu dan la zone commerciale de La Martelle, 1100 chemin de l\u2019Avelan\u00e8de. Il proposera des t\u00e9moignages d\u2019entreprises locales engag\u00e9es dans l\u2019\u00e9conomie circulaire, des \u00e9changes sur les gains \u00e9conomiques, sociaux et environnementaux, et un d\u00e9jeuner convivial. <strong><a href=\"https:\/\/d30-dg04.eu1.hubspotlinksfree.com\/Ctc\/GG+113\/d30-dG04\/VW-cpw56PXrrVjZlMp3VCb8wW4Mw1s55B4lx-N20xtvg7j7nMW69tBBd6lZ3kQW2SZJpb23M06YW31b-cp4yR7m0W83kQz41wPGytW62vFL41XnTj9W3tc0PC6HSkFwV8TmJ21Tcw5NW3mZfBH2J-YMpW6tTBGT5hpmh8W6cHLg47d3SPLW1p-9n12GcHVBW4gc3Dj5MnXbtW6QSMR169b216W7jKLP91xFpSkN9kCPxv_R020W3Z0WzS7Vl0tgV1fqb-80wRFpW9lQdk87xygcwW7pg9Jd8wwnR0N6bL47wQFXmqW33v6N_8_xt_lW1XNtB_1DYnxsW1rSjhH7255j5W2lffF34hvj11W3H4LxP7N3_kkW4XzWrv73yqfWW4Gm-Xh3nsjXJW8gS9NF7pdT5sW4fZxCX83slKfW8WqcZZ7Y85F9W2R_fZL8qcRK-W96gCxQ30xld1W3BKQ2r3Fkg_YW2RsZ0g6YHH1yW5F8qQf15VcV-W5gxDp_3cfHrSW8FXT9B3r95pzMShlMbMCZjjW2HgxQt3ZPLFnW6ttkQK6LjY0vW6Nbcmh6GHT2vN3pDpjgtJqm0V-P98W6lXZFXW5Zwj-W9k5RPTW8Qx0pZ2tNBbBW60yDZ26j-7QFN2LFJhQkKg4MW1yvJnG48gx4TW42BjC699ZWPKW66mLWg3QK3JfW4QXcVn4VsKLHN6YF2WCvbFVjW7VxsHp6ltqGfdv4T0804\" target=\"_blank\" data-type=\"link\" data-id=\"https:\/\/d30-dg04.eu1.hubspotlinksfree.com\/Ctc\/GG+113\/d30-dG04\/VW-cpw56PXrrVjZlMp3VCb8wW4Mw1s55B4lx-N20xtvg7j7nMW69tBBd6lZ3kQW2SZJpb23M06YW31b-cp4yR7m0W83kQz41wPGytW62vFL41XnTj9W3tc0PC6HSkFwV8TmJ21Tcw5NW3mZfBH2J-YMpW6tTBGT5hpmh8W6cHLg47d3SPLW1p-9n12GcHVBW4gc3Dj5MnXbtW6QSMR169b216W7jKLP91xFpSkN9kCPxv_R020W3Z0WzS7Vl0tgV1fqb-80wRFpW9lQdk87xygcwW7pg9Jd8wwnR0N6bL47wQFXmqW33v6N_8_xt_lW1XNtB_1DYnxsW1rSjhH7255j5W2lffF34hvj11W3H4LxP7N3_kkW4XzWrv73yqfWW4Gm-Xh3nsjXJW8gS9NF7pdT5sW4fZxCX83slKfW8WqcZZ7Y85F9W2R_fZL8qcRK-W96gCxQ30xld1W3BKQ2r3Fkg_YW2RsZ0g6YHH1yW5F8qQf15VcV-W5gxDp_3cfHrSW8FXT9B3r95pzMShlMbMCZjjW2HgxQt3ZPLFnW6ttkQK6LjY0vW6Nbcmh6GHT2vN3pDpjgtJqm0V-P98W6lXZFXW5Zwj-W9k5RPTW8Qx0pZ2tNBbBW60yDZ26j-7QFN2LFJhQkKg4MW1yvJnG48gx4TW42BjC699ZWPKW66mLWg3QK3JfW4QXcVn4VsKLHN6YF2WCvbFVjW7VxsHp6ltqGfdv4T0804\" rel=\"noreferrer noopener nofollow\">(Inscription ici)<\/a><\/strong><\/p>\n<p><a data-no-instant=\"1\" href=\"https:\/\/my.weezevent.com\/3e-forum-nos-energies-en-questions\" rel=\"noopener nofollow\" class=\"a2t-link\" target=\"_blank\" aria-label=\"Maxi Header 2 1200\u00d7148\"><img loading=\"lazy\" decoding=\"async\" src=\"data:image\/svg+xml,%3Csvg%20xmlns=\" http:=\"\" alt=\"\" data-lazy- data-lazy- width=\"2048\" height=\"253\" style=\"display: inline-block;\" data-lazy-src=\"https:\/\/www.europesays.com\/fr\/wp-content\/uploads\/2025\/08\/maxi-header-2-1200x148-1-scaled.png\"\/><\/a><\/p>\n<p>De 14h15 \u00e0 16h30, une action de nettoyage de la rivi\u00e8re du Fauge est organis\u00e9e. Le rendez-vous est fix\u00e9 devant le magasin Alin\u00e9a \u00e0 Aubagne (ZI Les Paluds). Le mat\u00e9riel sera fourni (gants, bottes, poubelles, waders) gr\u00e2ce au partenariat avec l\u2019Epage Huca. <strong><a href=\"https:\/\/my.weezevent.com\/atelier-et-action-symbiose-vallee-2025?_gl=1*aq6azk*_gcl_au*NjY0NDU5Mjk1LjE3NDc4MTk4NjYuMTk1MDIzNjA5NC4xNzUyNjU5MDczLjE3NTI2NTkwNzI.*_ga*MTkzMzc1MDk1OS4xNzIyMzUxOTEz*_ga_39H9VBFX7G*czE3NTI4MTk5MjYkbzEzMiRnMSR0MTc1MjgyMDY0NyRqNDYkbDAkaDE3MjExNTIyMTM.&amp;utm_medium=email&amp;_hsenc=p2ANqtz-9jPYhEG5ndRNm-sWeQKDNKilwWHOsrbmvaNmaOLMV8pEYaFVXci8Fnw7zn-lDAV0rSa75Bd6FIGy5iKkKj0p7US29hWw&amp;_hsmi=114931716&amp;utm_content=114931716&amp;utm_source=hs_email\" data-type=\"link\" data-id=\"https:\/\/my.weezevent.com\/atelier-et-action-symbiose-vallee-2025?_gl=1*aq6azk*_gcl_au*NjY0NDU5Mjk1LjE3NDc4MTk4NjYuMTk1MDIzNjA5NC4xNzUyNjU5MDczLjE3NTI2NTkwNzI.*_ga*MTkzMzc1MDk1OS4xNzIyMzUxOTEz*_ga_39H9VBFX7G*czE3NTI4MTk5MjYkbzEzMiRnMSR0MTc1MjgyMDY0NyRqNDYkbDAkaDE3MjExNTIyMTM.&amp;utm_medium=email&amp;_hsenc=p2ANqtz-9jPYhEG5ndRNm-sWeQKDNKilwWHOsrbmvaNmaOLMV8pEYaFVXci8Fnw7zn-lDAV0rSa75Bd6FIGy5iKkKj0p7US29hWw&amp;_hsmi=114931716&amp;utm_content=114931716&amp;utm_source=hs_email\" target=\"_blank\" rel=\"noreferrer noopener nofollow\">(Inscription ici)<\/a><\/strong><\/p>\n<p><img loading=\"lazy\" decoding=\"async\" width=\"828\" height=\"834\" data-id=\"372042\" src=\"data:image\/svg+xml,%3Csvg%20xmlns=\" http:=\"\" alt=\"\" class=\"wp-image-372042\" data-lazy- data-lazy- data-lazy-src=\"https:\/\/www.europesays.com\/fr\/wp-content\/uploads\/2025\/08\/img_1349.jpeg\"\/><img loading=\"lazy\" decoding=\"async\" width=\"831\" height=\"831\" data-id=\"372043\" src=\"data:image\/svg+xml,%3Csvg%20xmlns=\" http:=\"\" alt=\"\" class=\"wp-image-372043\" data-lazy- data-lazy- data-lazy-src=\"https:\/\/www.europesays.com\/fr\/wp-content\/uploads\/2025\/08\/img_1350.jpeg\"\/><\/p>\n<p class=\"has-background\" style=\"background-color:#eef2f4\">Liens utiles :<\/p>\n<p>D\u00e9couvrez <strong><a href=\"https:\/\/gomet.net\/?s=CANAL+RSE\" data-type=\"link\" data-id=\"https:\/\/gomet.net\/?s=CANAL+RSE\" rel=\"nofollow noopener\" target=\"_blank\">Canal RSE<\/a><\/strong>, le club et m\u00e9dia RSE dans la r\u00e9gion Sud avec Gomet\u2019 et le Lab RSE<br \/><strong><a href=\"https:\/\/gomet.net\/theme\/lactu-par-themes\/environnement-lactu-par-themes\/\" data-type=\"link\" data-id=\"https:\/\/gomet.net\/theme\/lactu-par-themes\/environnement-lactu-par-themes\/\" target=\"_blank\" rel=\"noreferrer noopener nofollow\">Retrouvez notre rubrique Environnement.<\/a><\/strong><\/p>\n","protected":false},"excerpt":{"rendered":"Le 26 septembre, Aubagne accueille \u00e0 la Ressourcerie Le Dirigeable l\u2019\u00e9v\u00e9nement Symbiose Vall\u00e9e 2025, destin\u00e9 aux entreprises et&hellip;\n","protected":false},"author":2,"featured_media":330223,"comment_status":"","ping_status":"","sticky":false,"template":"","format":"standard","meta":{"footnotes":""},"categories":[2814],"tags":[1111,11,1777,674,1011,27,884,12,882,25],"class_list":{"0":"post-330222","1":"post","2":"type-post","3":"status-publish","4":"format-standard","5":"has-post-thumbnail","7":"category-marseille","8":"tag-actu","9":"tag-actualites","10":"tag-eu","11":"tag-europe","12":"tag-fr","13":"tag-france","14":"tag-marseille","15":"tag-news","16":"tag-provence-alpes-cote-dazur","17":"tag-republique-francaise"},"share_on_mastodon":{"url":"https:\/\/pubeurope.com\/@fr\/115057719162071242","error":""},"_links":{"self":[{"href":"https:\/\/www.europesays.com\/fr\/wp-json\/wp\/v2\/posts\/330222","targetHints":{"allow":["GET"]}}],"collection":[{"href":"https:\/\/www.europesays.com\/fr\/wp-json\/wp\/v2\/posts"}],"about":[{"href":"https:\/\/www.europesays.com\/fr\/wp-json\/wp\/v2\/types\/post"}],"author":[{"embeddable":true,"href":"https:\/\/www.europesays.com\/fr\/wp-json\/wp\/v2\/users\/2"}],"replies":[{"embeddable":true,"href":"https:\/\/www.europesays.com\/fr\/wp-json\/wp\/v2\/comments?post=330222"}],"version-history":[{"count":0,"href":"https:\/\/www.europesays.com\/fr\/wp-json\/wp\/v2\/posts\/330222\/revisions"}],"wp:featuredmedia":[{"embeddable":true,"href":"https:\/\/www.europesays.com\/fr\/wp-json\/wp\/v2\/media\/330223"}],"wp:attachment":[{"href":"https:\/\/www.europesays.com\/fr\/wp-json\/wp\/v2\/media?parent=330222"}],"wp:term":[{"taxonomy":"category","embeddable":true,"href":"https:\/\/www.europesays.com\/fr\/wp-json\/wp\/v2\/categories?post=330222"},{"taxonomy":"post_tag","embeddable":true,"href":"https:\/\/www.europesays.com\/fr\/wp-json\/wp\/v2\/tags?post=330222"}],"curies":[{"name":"wp","href":"https:\/\/api.w.org\/{rel}","templated":true}]}}