{"id":330224,"date":"2025-08-19T22:10:14","date_gmt":"2025-08-19T22:10:14","guid":{"rendered":"https:\/\/www.europesays.com\/fr\/330224\/"},"modified":"2025-08-19T22:10:14","modified_gmt":"2025-08-19T22:10:14","slug":"rabiot-et-lom-le-duc-encore-dechu-france-olympique-de-marseille","status":"publish","type":"post","link":"https:\/\/www.europesays.com\/fr\/330224\/","title":{"rendered":"Rabiot et l&rsquo;OM : le Duc encore d\u00e9chu &#8211; France &#8211; Olympique de Marseille"},"content":{"rendered":"<p>La Ligue 1 avait besoin d\u2019histoires, de sc\u00e9narios \u00e0 la Netflix. Il lui fallait des romans, des r\u00e9cits. Avec l\u2019OM et Adrien Rabiot, elle a des contes, du Perrault de la Canebi\u00e8re. C\u2019est grandiose. Il \u00e9tait une fois un \u00e9t\u00e9 paisible, calme. Le Duc du Val-de-Marne et le strat\u00e8ge lombard veillaient sur leurs sujets. Jonathan l\u2019Anglois, un des plus turbulents d\u2019entre eux, se tenait calme. Tous ensemble, ils se tenaient pr\u00eat pour servir la Bonne M\u00e8re. Soudain, apr\u00e8s un match rat\u00e9 et un poteau du Duc \u00e0 Rennes, le royaume s\u2019enflamma.<\/p>\n<p>Qui aurait imagin\u00e9 que le joueur de la saison derni\u00e8re de Marseille devienne ind\u00e9sirable en deux mois seulement ? Et en cinq jours, apr\u00e8s une <a target=\"_blank\" href=\"https:\/\/www.sofoot.com\/articles\/ligue-1-a-10-contre-11-rennes-douche-lom\" rel=\"nofollow noopener\">d\u00e9faite de premi\u00e8re journ\u00e9e contre Rennes<\/a> ? De vendredi soir \u00e0 ce mardi, <a target=\"_blank\" href=\"https:\/\/www.sofoot.com\/breves\/lapres-match-rennes-marseille-marque-par-des-tensions-dans-le-vestiaire-de-lom\" rel=\"nofollow noopener\">l\u2019explication<\/a> est <a target=\"_blank\" href=\"https:\/\/www.sofoot.com\/breves\/ligue-1-des-coups-echanges-entre-rowe-et-rabiot\" rel=\"nofollow noopener\">devenue embrouille<\/a>, l\u2019histoire est <a target=\"_blank\" href=\"https:\/\/www.sofoot.com\/articles\/ligue-1-lom-deja-en-crise-apres-la-defaite-face-a-rennes\" rel=\"nofollow noopener\">devenue affaire<\/a>, et l\u2019OM est pass\u00e9 d\u2019une dispute d\u2019apr\u00e8s-match banale dans un vestiaire \u00e0 une \u00e9norme engueulade. Adrien Rabiot, le fils magique, est rattrap\u00e9 par son atavisme. Mark Twain a raison : la r\u00e9alit\u00e9 est sup\u00e9rieure \u00e0 la fiction. C\u2019est l\u2019affaire du poteau de Rennes\u2026<\/p>\n<p>ClOMwnesque<\/p>\n<p>L\u2019apr\u00e8s-match breton est devenu au fur et \u00e0 mesure des r\u00e9v\u00e9lations un v\u00e9ritable pugilat. L\u2019OM a d\u00e9cid\u00e9 de placer la sacro-sainte institution au-dessus de tout, enfin ce sera leur pr\u00e9texte. Comme lorsqu\u2019il faut amputer un membre pour laisser le reste du corps en vie, les docteurs-dirigeants olympiens ont plac\u00e9 Adrien Rabiot et Jonathan Rowe <a target=\"_blank\" href=\"https:\/\/www.sofoot.com\/breves\/mercato-lom-confirme-quadrien-rabiot-et-jonathan-rowe-ont-ete-places-sur-la-liste-des-transferts\" rel=\"nofollow noopener\">sur la liste des transferts<\/a>. Ils avaient d\u00e9j\u00e0 \u00e9t\u00e9 <a target=\"_blank\" href=\"https:\/\/www.sofoot.com\/breves\/adrien-rabiot-et-jonathan-rowe-absents-de-lentrainement-de-lolympique-de-marseille\" rel=\"nofollow noopener\">exclus de l\u2019entra\u00eenement collectif<\/a> ce mardi. Ils reprochent au premier son manque d\u2019investissement et un \u00ab\u202fcomportement inadmissible dans le vestiaire apr\u00e8s le match contre le Stade Rennais FC\u202f\u00bb. Adrien Rabiot, joueur majeur de l\u2019OM, et Jonathan Rowe, \u00e9l\u00e9ment secondaire sur le d\u00e9part, sont mis sur le m\u00eame plan. Pire, ils seront mis dans le loft s\u2019ils restent. Comme Chancel Mbemba la saison derni\u00e8re.<\/p>\n<blockquote class=\"twitter-tweet\">\n<p lang=\"fr\" dir=\"ltr\">Communiqu\u00e9 officiel de l&rsquo;Olympique de Marseille.<\/p>\n<p>\u2014 Olympique de Marseille (@OM_Officiel) <a target=\"_blank\" href=\"https:\/\/twitter.com\/OM_Officiel\/status\/1957839123370192944?ref_src=twsrc%5Etfw\" rel=\"nofollow noopener\">August 19, 2025<\/a><\/p><\/blockquote>\n<p>Pourtant, il y a trois semaines seulement, De Zerbi louait le professionnalisme de l\u2019international fran\u00e7ais. \u00ab\u202fIl m\u2019a \u00e9norm\u00e9ment surpris. Parce que les journalistes italiens l\u2019ont toujours d\u00e9crit de mani\u00e8re tr\u00e8s diff\u00e9rente de ce que j\u2019ai d\u00e9couvert. Humble, timide, r\u00e9serv\u00e9, travailleur. Il est passionn\u00e9, il vit pour le foot\u202f\u00bb, complimentait l\u2019Italien \u00e0 <a target=\"_blank\" href=\"https:\/\/www.lequipe.fr\/Football\/Article\/Grand-recit--c-est-en-vacances-que-je-suis-stresse-l-hyperactif-roberto-de-zerbi-presse-de-vivre-sa-deuxieme-saison-a-l-om\/1579740\" rel=\"nofollow noopener\">L\u2019\u00c9quipe<\/a>. Medhi Benatia \u00e9tait sur la m\u00eame longueur d\u2019ondes \u00e0 la fin de la saison derni\u00e8re : \u00ab\u202fUn joueur comme Rabiot est fondamental [\u2026] C\u2019est peut-\u00eatre le joueur et l\u2019homme le plus important du projet.\u202f\u00bb Mieux, dans <a target=\"_blank\" href=\"https:\/\/www.sofoot.com\/breves\/lolympique-de-marseille-annonce-sortir-un-documentaire-sur-sa-saison-2024-2025\" rel=\"nofollow noopener\">Sans jamais rien l\u00e2cher<\/a>, le documentaire consacr\u00e9 \u00e0 l\u2019OM, il louait \u00ab\u202fun top joueur\u202f\u00bb. Encore mieux ? Il a \u00ab\u202fdu b\u00eaton arm\u00e9\u202f\u00bb dans la t\u00eate. Vous en avez assez ? Le pr\u00e9sident Pablo Longoria y va lui aussi : \u00ab\u202fC\u2019est le meilleur homme que j\u2019ai eu dans un vestiaire dans toute ma carri\u00e8re !\u202f\u00bb Au moins.<\/p>\n<p>\u00ab\u202fLa meilleure chose \u00e9tait de rester. C\u2019\u00e9tait une vraie volont\u00e9 de ma part\u00a0\u00bb, racontait, grandiloquent, le joueur dans <a target=\"_blank\" href=\"https:\/\/www.laprovence.com\/article\/om\/3509259118767914\/exclusif-la-meilleure-chose-etait-de-rester-a-lom-notre-interview-dadrien-rabiot\" rel=\"nofollow noopener\">La Provence<\/a>. Titulaire indiscutable la saison derni\u00e8re, il devait \u00eatre un pion essentiel de l\u2019acte II de De Zerbi, apr\u00e8s un \u00e9t\u00e9 calme. Trop calme. Dix jours apr\u00e8s cette interview, les versions s\u2019affrontent dans <a target=\"_blank\" href=\"https:\/\/www.lequipe.fr\/Football\/Article\/Grand-recit--c-est-en-vacances-que-je-suis-stresse-l-hyperactif-roberto-de-zerbi-presse-de-vivre-sa-deuxieme-saison-a-l-om\/1579740\" rel=\"nofollow noopener\">L\u2019<\/a><a target=\"_blank\" href=\"https:\/\/www.lequipe.fr\/Football\/Article\/Grand-recit--c-est-en-vacances-que-je-suis-stresse-l-hyperactif-roberto-de-zerbi-presse-de-vivre-sa-deuxieme-saison-a-l-om\/1579740\" rel=\"nofollow noopener\">\u00c9<\/a><a target=\"_blank\" href=\"https:\/\/www.lequipe.fr\/Football\/Article\/-on-ne-met-pas-un-mec-dehors-pour-ca-devenu-indesirable-a-l-om-adrien-rabiot-tombe-de-haut\/1586191\" rel=\"nofollow noopener\">quipe<\/a> et L\u2019After Foot, o\u00f9 l\u2019avocat du clan Rabiot \u00e9tait invit\u00e9 ce mardi soir. D\u2019un c\u00f4t\u00e9, on parle d\u2019une n\u00e9gociation salariale mal pass\u00e9e, de l\u2019autre on affirme que l\u2019explosion fut imm\u00e9diate apr\u00e8s Rennes.<\/p>\n<p><img decoding=\"async\" loading=\"lazy\" class=\"\" src=\"https:\/\/www.europesays.com\/fr\/wp-content\/uploads\/2025\/08\/1755641414_413_grande.jpg\" alt=\"\" width=\"2560\" height=\"1707\"\/><\/p>\n<p>M\u00e9moire d\u2019Adrien<\/p>\n<p>Reste que cette situation ubuesque est une de plus dans la carri\u00e8re du Duc, 30 ans cette ann\u00e9e. Dans son adolescence d\u00e9j\u00e0, il part puis revient d\u2019Angleterre apr\u00e8s six mois \u00e0 Manchester (voir <a target=\"_blank\" href=\"https:\/\/www.sofoot.com\/magazines\/so-foot-163\" rel=\"nofollow noopener\">So Foot n\u00b0163<\/a>, publi\u00e9 en f\u00e9vrier 2019). Idem plus tard au PSG, o\u00f9 il va pour la premi\u00e8re fois au bras de fer en 2014. \u00c0 l\u2019\u00e9poque, le jeune Adrien en pince m\u00eame pour la Roma. Cinq ans plus tard, sa maman V\u00e9ronique fait savoir qu\u2019il allait quitter le PSG. \u00ab\u202fCette situation est irrespectueuse, \u00e0 la fois pour le club et pour les fans\u00a0\u00bb, avait ensuite sorti Antero Henrique. Six ans et une bataille judiciaire plus tard, ses contrats ont \u00e9t\u00e9 <a target=\"_blank\" href=\"https:\/\/www.sofoot.com\/breves\/adrien-rabiot-obtient-gain-de-cause-dans-son-conflit-avec-le-paris-saint-germain\" rel=\"nofollow noopener\">requalifi\u00e9s en CDI<\/a>. Entre-temps, le Duc avait refus\u00e9 la place de r\u00e9serviste de l\u2019\u00e9quipe de France, \u00e9pisode \u00e9clips\u00e9 par la victoire au Mondial 2018. Et puis en Italie. Apr\u00e8s quatre saisons \u00e0 la Juve, Rabiot prolongera d\u2019une saison et finira par partir libre du club, pour se retrouver sans \u00e9quipe \u00e0 la fin du dernier mercato d\u2019\u00e9t\u00e9. Jusqu\u2019\u00e0 arriver \u00e0 Marseille <a target=\"_blank\" href=\"https:\/\/www.sofoot.com\/articles\/double-buteur-en-italie-avec-lequipe-de-france-adrien-rabiot-lance-sa-saison#goog_rewarded\" rel=\"nofollow noopener\">seulement mi-septembre<\/a>.<\/p>\n<p>Son aventure olympienne est connue. Rabiot devient un cadre, fait oublier son pass\u00e9 parisien en rappelant qu\u2019ado, il en pin\u00e7ait plus pour l\u2019OM (toujours dans le So Foot 163). Il r\u00e9cup\u00e8re m\u00eame le brassard <a target=\"_blank\" href=\"https:\/\/www.sofoot.com\/articles\/le-psg-acheve-sa-semaine-en-beaute-contre-lom\" rel=\"nofollow noopener\">un soir de Classique au Parc des Princes<\/a>, et alors que Leonardo Balerdi et Valentin Rongier sont titulaires. Comme une bonne engueulade de couple, les d\u00e9clarations d\u2019amour de l\u2019ann\u00e9e sont aux oubliettes.<\/p>\n<p>Cette situation r\u00e9sume le grand-guignolesque de Marseille. En une semaine, <a target=\"_blank\" href=\"https:\/\/www.sofoot.com\/articles\/ligue-1-lolympique-de-marseille-un-ete-calme-et-sans-tempete-a-lhorizon\" rel=\"nofollow noopener\">l\u2019\u00e9t\u00e9 est pass\u00e9 de stable<\/a> \u00e0 compl\u00e8tement intenable. Le fameux \u00ab\u202fcontexte\u202f\u00bb a rattrap\u00e9 tout le reste, comme si Roberto De Zerbi (<a target=\"_blank\" href=\"https:\/\/www.sofoot.com\/breves\/roberto-de-zerbi-si-le-probleme-cest-moi-je-suis-pret-a-partir\" rel=\"nofollow noopener\">apr\u00e8s Auxerre<\/a>, entre autres), Medhi Benatia (<a target=\"_blank\" href=\"https:\/\/www.sofoot.com\/breves\/olympique-de-marseille-la-commission-dappel-de-la-fff-confirme-la-sanction-de-mehdi-benatia#:~:text=Comme%20attendu%2C%20Medhi%20Benatia%20sera,la%20FFF%20ce%20jeudi%20soir.\" rel=\"nofollow noopener\">contre les arbitres)<\/a>, et Pablo Longoria (<a target=\"_blank\" href=\"https:\/\/www.sofoot.com\/articles\/victimisation-theorie-du-complot-pablo-longoria-et-les-maux-de-lom\" rel=\"nofollow noopener\">contre la corruption<\/a>), entretenaient l\u2019ADN marseillais et cette tension permanente, ces \u00e9tincelles. Reste \u00e0 trouver une porte de sortie \u00e0 Adrien Rabiot, et cette situation n\u2019est pas vendeuse. Le Golfe est l\u00e0, Manchester United aussi, l\u2019AC Milan aussi. L\u2019histoire continue.<\/p>\n<p>\t\t\t\t\t\t\t\t\t\t<a class=\"lien-connexe\" href=\"https:\/\/www.sofoot.com\/breves\/maitre-romuald-palao-avocat-dadrien-rabiot-apres-la-decision-de-lom-de-le-mettre-de-coteon-a-limpression-dune-histoire-montee\" rel=\"nofollow noopener\" target=\"_blank\">\u00abOn a l&rsquo;impression d&rsquo;une histoire mont\u00e9e\u00bb: l&rsquo;avocat de Rabiot d\u00e9nonce la d\u00e9cision de l&rsquo;OM <\/a>\t\t\t\t\t<script async src=\"https:\/\/platform.twitter.com\/widgets.js\" charset=\"utf-8\"><\/script><\/p>\n","protected":false},"excerpt":{"rendered":"La Ligue 1 avait besoin d\u2019histoires, de sc\u00e9narios \u00e0 la Netflix. Il lui fallait des romans, des r\u00e9cits.&hellip;\n","protected":false},"author":2,"featured_media":330225,"comment_status":"","ping_status":"","sticky":false,"template":"","format":"standard","meta":{"footnotes":""},"categories":[2814],"tags":[1111,47,11,61,69,65,64,1777,674,63,1011,27,68,66,884,12,62,70,882,25,67],"class_list":{"0":"post-330224","1":"post","2":"type-post","3":"status-publish","4":"format-standard","5":"has-post-thumbnail","7":"category-marseille","8":"tag-actu","9":"tag-actualite","10":"tag-actualites","11":"tag-actus-football","12":"tag-bundesliga","13":"tag-championnats-europeens","14":"tag-equipe-de-france","15":"tag-eu","16":"tag-europe","17":"tag-football","18":"tag-fr","19":"tag-france","20":"tag-ligua","21":"tag-ligue-1","22":"tag-marseille","23":"tag-news","24":"tag-news-foot","25":"tag-premier-league","26":"tag-provence-alpes-cote-dazur","27":"tag-republique-francaise","28":"tag-serie-a"},"share_on_mastodon":{"url":"https:\/\/pubeurope.com\/@fr\/115057723403523740","error":""},"_links":{"self":[{"href":"https:\/\/www.europesays.com\/fr\/wp-json\/wp\/v2\/posts\/330224","targetHints":{"allow":["GET"]}}],"collection":[{"href":"https:\/\/www.europesays.com\/fr\/wp-json\/wp\/v2\/posts"}],"about":[{"href":"https:\/\/www.europesays.com\/fr\/wp-json\/wp\/v2\/types\/post"}],"author":[{"embeddable":true,"href":"https:\/\/www.europesays.com\/fr\/wp-json\/wp\/v2\/users\/2"}],"replies":[{"embeddable":true,"href":"https:\/\/www.europesays.com\/fr\/wp-json\/wp\/v2\/comments?post=330224"}],"version-history":[{"count":0,"href":"https:\/\/www.europesays.com\/fr\/wp-json\/wp\/v2\/posts\/330224\/revisions"}],"wp:featuredmedia":[{"embeddable":true,"href":"https:\/\/www.europesays.com\/fr\/wp-json\/wp\/v2\/media\/330225"}],"wp:attachment":[{"href":"https:\/\/www.europesays.com\/fr\/wp-json\/wp\/v2\/media?parent=330224"}],"wp:term":[{"taxonomy":"category","embeddable":true,"href":"https:\/\/www.europesays.com\/fr\/wp-json\/wp\/v2\/categories?post=330224"},{"taxonomy":"post_tag","embeddable":true,"href":"https:\/\/www.europesays.com\/fr\/wp-json\/wp\/v2\/tags?post=330224"}],"curies":[{"name":"wp","href":"https:\/\/api.w.org\/{rel}","templated":true}]}}