{"id":330235,"date":"2025-08-19T22:16:12","date_gmt":"2025-08-19T22:16:12","guid":{"rendered":"https:\/\/www.europesays.com\/fr\/330235\/"},"modified":"2025-08-19T22:16:12","modified_gmt":"2025-08-19T22:16:12","slug":"kevin-trapp-ancien-gardien-du-psg-va-signer-au-paris-fc","status":"publish","type":"post","link":"https:\/\/www.europesays.com\/fr\/330235\/","title":{"rendered":"Kevin Trapp, ancien gardien du PSG, va signer au Paris FC"},"content":{"rendered":"\n<p class=\"c-chapo \">\n  L&rsquo;international allemand doit signer un contrat pour les trois prochaines saisons.\n<\/p>\n<p>            lire plus tard<\/p>\n<p id=\"dialog__title\" class=\"dialog__title\">Pour sauvegarder cet article, connectez-vous ou cr\u00e9ez un compte franceinfo<\/p>\n<p class=\"dialog__description\">Sans paiement. Sans abonnement.<\/p>\n<p>        Fermer la fen\u00eatre d\u2019activation des notifications France Info<\/p>\n<p>            cr\u00e9er votre compte<\/p>\n<p>            se connecter<\/p>\n<p>        Fermer la fen\u00eatre de pr\u00e9sentation<\/p>\n<p>    <img loading=\"lazy\" decoding=\"async\" class=\"signature__image lazyload\" width=\"100\" height=\"100\" data- alt=\"\" src=\"https:\/\/www.europesays.com\/fr\/wp-content\/uploads\/2025\/05\/64a7df4c5fe71_placeholder-36b69ec8.png\"\/><\/p>\n<p>    Publi\u00e9 le 19\/08\/2025 21:12<\/p>\n<p>        Temps de lecture : 1min<\/p>\n<p>    <img decoding=\"async\"  alt=\"Kevin Trapp \u00e9voluait \u00e0 l'Eintracht Francfort en Allemagne ces derni\u00e8res ann\u00e9es. (HMB MEDIA\/CLAUS)\" width=\"432\" height=\"243\" src=\"https:\/\/www.europesays.com\/fr\/wp-content\/uploads\/2025\/08\/dpaphotoseight407786-68a4cc4f23043357254093.jpg\" fetchpriority=\"high\"\/><\/p>\n<p>      Kevin Trapp \u00e9voluait \u00e0 l&rsquo;Eintracht Francfort en Allemagne ces derni\u00e8res ann\u00e9es. (HMB MEDIA\/CLAUS)<\/p>\n<p>Le gardien de but allemand Kevin Trapp va s&rsquo;engager pour un contrat de trois ans avec le Paris FC, promu en Ligue 1, une fois qu&rsquo;il aura satisfait \u00e0 sa visite m\u00e9dicale, a appris ce mardi le service des sports de Radio France,<a href=\"https:\/\/www.leparisien.fr\/sports\/football\/paris-fc\/paris-fc-kevin-trapp-est-arrive-dans-la-capitale-pour-passer-sa-visite-medicale-19-08-2025-PWCKWWSYB5CXJPEQFHWRCPQEQA.php\" rel=\"nofollow noopener\" target=\"_blank\"> confirmant une information du Parisien.<\/a><\/p>\n<p>Kevin Trapp, 35 ans, quitte donc l&rsquo;Eintracht Francfort o\u00f9 il \u00e9tait capitaine et va retrouver la Ligue 1.<br \/>Il a gard\u00e9 les buts du PSG entre 2015 et 2019. Il y a disput\u00e9 91 matchs, dont <a href=\"https:\/\/www.franceinfo.fr\/sports\/foot\/ligue-des-champions\/barca-psg-comment-la-remontada-s-est-ancree-dans-la-langue-francaise_4444831.html\" rel=\"nofollow noopener\" target=\"_blank\">la c\u00e9l\u00e8bre \u00ab\u00a0remontada\u00a0\u00bb<\/a> en mars 2017 contre le FC Barcelone avec la d\u00e9faite 7-1 en Catalogne synonyme d&rsquo;\u00e9limination des Parisiens en huiti\u00e8mes de finale de la Ligue des champions.<\/p>\n","protected":false},"excerpt":{"rendered":"L&rsquo;international allemand doit signer un contrat pour les trois prochaines saisons. lire plus tard Pour sauvegarder cet article,&hellip;\n","protected":false},"author":2,"featured_media":330236,"comment_status":"","ping_status":"","sticky":false,"template":"","format":"standard","meta":{"footnotes":""},"categories":[1888],"tags":[1111,1928,11,1927,1777,674,1011,27,12,1926,626,1925,25],"class_list":{"0":"post-330235","1":"post","2":"type-post","3":"status-publish","4":"format-standard","5":"has-post-thumbnail","7":"category-paris","8":"tag-actu","9":"tag-actu-paris","10":"tag-actualites","11":"tag-actualites-paris","12":"tag-eu","13":"tag-europe","14":"tag-fr","15":"tag-france","16":"tag-news","17":"tag-news-paris","18":"tag-paris","19":"tag-paris-news","20":"tag-republique-francaise"},"share_on_mastodon":{"url":"https:\/\/pubeurope.com\/@fr\/115057746573188863","error":""},"_links":{"self":[{"href":"https:\/\/www.europesays.com\/fr\/wp-json\/wp\/v2\/posts\/330235","targetHints":{"allow":["GET"]}}],"collection":[{"href":"https:\/\/www.europesays.com\/fr\/wp-json\/wp\/v2\/posts"}],"about":[{"href":"https:\/\/www.europesays.com\/fr\/wp-json\/wp\/v2\/types\/post"}],"author":[{"embeddable":true,"href":"https:\/\/www.europesays.com\/fr\/wp-json\/wp\/v2\/users\/2"}],"replies":[{"embeddable":true,"href":"https:\/\/www.europesays.com\/fr\/wp-json\/wp\/v2\/comments?post=330235"}],"version-history":[{"count":0,"href":"https:\/\/www.europesays.com\/fr\/wp-json\/wp\/v2\/posts\/330235\/revisions"}],"wp:featuredmedia":[{"embeddable":true,"href":"https:\/\/www.europesays.com\/fr\/wp-json\/wp\/v2\/media\/330236"}],"wp:attachment":[{"href":"https:\/\/www.europesays.com\/fr\/wp-json\/wp\/v2\/media?parent=330235"}],"wp:term":[{"taxonomy":"category","embeddable":true,"href":"https:\/\/www.europesays.com\/fr\/wp-json\/wp\/v2\/categories?post=330235"},{"taxonomy":"post_tag","embeddable":true,"href":"https:\/\/www.europesays.com\/fr\/wp-json\/wp\/v2\/tags?post=330235"}],"curies":[{"name":"wp","href":"https:\/\/api.w.org\/{rel}","templated":true}]}}