{"id":33024,"date":"2025-04-18T03:01:13","date_gmt":"2025-04-18T03:01:13","guid":{"rendered":"https:\/\/www.europesays.com\/fr\/33024\/"},"modified":"2025-04-18T03:01:13","modified_gmt":"2025-04-18T03:01:13","slug":"basket-hand-volley-les-echos-des-parquets-un-prisseen-meilleur-scoreur-lentente-saonoise-sarrete-des-montees-au-vbc-chalon","status":"publish","type":"post","link":"https:\/\/www.europesays.com\/fr\/33024\/","title":{"rendered":"Basket, Hand, Volley &#8211; Les \u00e9chos des parquets. Un Priss\u00e9en meilleur scoreur, l&rsquo;Entente Sa\u00f4noise s&rsquo;arr\u00eate, des mont\u00e9es au VBC Chalon"},"content":{"rendered":"<p>  Basket \u00a0: Le Priss\u00e9en Lucas Desroches meilleur marqueur du week-end en N3<\/p>\n<p>Oppos\u00e9 \u00e0 Poligny dans le derby r\u00e9gional, la r\u00e9serve de Priss\u00e9\/M\u00e2con \u00e9voluant en Nationale 3, a cartonn\u00e9 offensivement en s&rsquo;imposant 98 \u00e0 91 dans le Jura ce week-end. Une performance permise notamment gr\u00e2ce aux 36 points du meneur Lucas Desroches, meilleur marqueur de la poule sur cette 22e journ\u00e9e. Et qui aura permis de guider l&rsquo;ESPM vers une douzi\u00e8me victoire cette saison, et une 6e place \u00e0 quatre journ\u00e9es de la fin du championnat.<\/p>\n<p>Basket \u00a0: le match des mal class\u00e9es \u00e9chappe au CBBS en Pr\u00e9nationale<\/p>\n<p>Oppos\u00e9e \u00e0 l&rsquo;Union Mon\u00e9teau-Vermenton, l&rsquo;\u00e9quipe 3 du Charnay Basket Bourgogne Sud a perdu dimanche dernier le match qu&rsquo;il ne fallait pas perdre entre mal class\u00e9es de Pr\u00e9nationale F\u00e9minine. En effet, les joueuses de David Gutknecht se sont inclin\u00e9es de peu 69-72 face aux Icaunaises apr\u00e8s prolongation. \u00c0 \u00e9galit\u00e9 \u00e0 l&rsquo;avant-derni\u00e8re place du classement avant cette 17e journ\u00e9e et au coude \u00e0 coude durant toute la rencontre, les deux \u00e9quipes se sont seulement d\u00e9partag\u00e9es \u00e0 l&rsquo;issue de 5 minutes de jeu suppl\u00e9mentaires remport\u00e9es 3-6 par les visiteuses. Les 24 et 18 points marqu\u00e9s respectivement par Louann Richeter et Chlo\u00e9 Journal n&rsquo;ont pas suffi au CBBS pour \u00e9viter une 12e d\u00e9faite qui le plonge d\u00e9sormais \u00e0 la derni\u00e8re place de la poule.<\/p>\n<p>Ce contenu est bloqu\u00e9 car vous n&rsquo;avez pas accept\u00e9 les cookies et autres traceurs.<\/p>\n<p>En cliquant sur \u00ab J\u2019accepte \u00bb, les cookies et autres traceurs seront d\u00e9pos\u00e9s et vous pourrez visualiser les contenus  (<a href=\"\" class=\"consentModule_policy\" target=\"_blank\" title=\"Consulter la politique de protection des donn\u00e9es du fournisseur\">plus d&rsquo;informations<\/a>).<\/p>\n<p>En cliquant sur \u00ab J\u2019accepte tous les cookies \u00bb, vous autorisez des d\u00e9p\u00f4ts de cookies et autres traceurs pour le stockage de vos donn\u00e9es sur nos sites et applications \u00e0 des fins de personnalisation et de ciblage publicitaire.<\/p>\n<p class=\"consentModule_secondaryText\">Vous gardez la possibilit\u00e9 de retirer votre consentement \u00e0 tout moment en consultant notre <a href=\"https:\/\/www.lejsl.com\/protection-des-donnees\" target=\"_blank\" title=\"Consulter notre politique de protection des donn\u00e9es\" rel=\"noopener\">politique de protection des donn\u00e9es<\/a>. <br \/>&#13;<br \/>\n            <a href=\"https:\/\/www.lejsl.com\/sport\/2025\/04\/16\/javascript:Didomi.notice.show()\" class=\"consentModule_cmp\" target=\"_blank\" rel=\"noopener\">G\u00e9rer mes choix<\/a>&#13;\n        <\/p>\n<p>&#13;<br \/>\n                        J&rsquo;accepte&#13;<br \/>\n            J&rsquo;accepte tous les cookies&#13;\n        <\/p>\n<p>  Handball \u00a0:\u00a0Clap de fin pour l&rsquo;Entente Saonoise<\/p>\n<p>N\u00e9e d&rsquo;un rapprochement entre deux clubs voisins, l&rsquo;ASHBC Chalon et le HB Saint-Marcel, l&rsquo;Entente Sa\u00f4noise s&rsquo;appr\u00eate \u00e0 tourner la page. Ce samedi soir, \u00e0 l&rsquo;issue de la rencontre de Pr\u00e9nationale f\u00e9minine conclue par une d\u00e9faite face \u00e0 M\u00e2con (26-35), les deux clubs ont officiellement annonc\u00e9 la fin de leur collaboration. Une d\u00e9cision qui marque la cl\u00f4ture d&rsquo;une aventure entam\u00e9e il y a pr\u00e8s de dix ans.<br \/>Durant cette d\u00e9cennie, l&rsquo;Entente Sa\u00f4noise aura permis au handball f\u00e9minin de se d\u00e9velopper et s&rsquo;implanter durablement dans le bassin chalonnais, et de propulser des joueuses dans les diff\u00e9rents \u00e9chelons nationaux.<\/p>\n<p>Ce contenu est bloqu\u00e9 car vous n&rsquo;avez pas accept\u00e9 les cookies et autres traceurs.<\/p>\n<p>En cliquant sur \u00ab J\u2019accepte \u00bb, les cookies et autres traceurs seront d\u00e9pos\u00e9s et vous pourrez visualiser les contenus  (<a href=\"\" class=\"consentModule_policy\" target=\"_blank\" title=\"Consulter la politique de protection des donn\u00e9es du fournisseur\">plus d&rsquo;informations<\/a>).<\/p>\n<p>En cliquant sur \u00ab J\u2019accepte tous les cookies \u00bb, vous autorisez des d\u00e9p\u00f4ts de cookies et autres traceurs pour le stockage de vos donn\u00e9es sur nos sites et applications \u00e0 des fins de personnalisation et de ciblage publicitaire.<\/p>\n<p class=\"consentModule_secondaryText\">Vous gardez la possibilit\u00e9 de retirer votre consentement \u00e0 tout moment en consultant notre <a href=\"https:\/\/www.lejsl.com\/protection-des-donnees\" target=\"_blank\" title=\"Consulter notre politique de protection des donn\u00e9es\" rel=\"noopener\">politique de protection des donn\u00e9es<\/a>. <br \/>&#13;<br \/>\n            <a href=\"https:\/\/www.lejsl.com\/sport\/2025\/04\/16\/javascript:Didomi.notice.show()\" class=\"consentModule_cmp\" target=\"_blank\" rel=\"noopener\">G\u00e9rer mes choix<\/a>&#13;\n        <\/p>\n<p>&#13;<br \/>\n                        J&rsquo;accepte&#13;<br \/>\n            J&rsquo;accepte tous les cookies&#13;\n        <\/p>\n<p>  Volley-ball \u00a0:\u00a0Une d\u00e9faite et deux mont\u00e9es pour le VBC Chalon<\/p>\n<p>Sentiments contrast\u00e9s pour le VBC Chalon le week-end dernier Avec tout d&rsquo;abord la frustration lors de la d\u00e9faite de l&rsquo;\u00e9quipe \u00c9lite qui, apr\u00e8s une fin de troisi\u00e8me set manqu\u00e9e, s&rsquo;est retrouv\u00e9e men\u00e9e 2-1 par Harnes avant de s&rsquo;incliner dans la quatri\u00e8me manche. Et ainsi prendre cinq longueurs de retard sur leur adversaire, coleader avec Rennes, \u00e0 quatre journ\u00e9es de la fin des playoffs.<\/p>\n<p>Puis la joie pour les supporters chalonnais avec l&rsquo;accession en N3 de la r\u00e9serve masculine apr\u00e8s sa victoire 3 \u00e0 0 (25-19, 25-17, 25-15) lors du match retour contre Besan\u00e7on. Une joie qui s&rsquo;est prolong\u00e9e dimanche apr\u00e8s-midi avec la victoire des prot\u00e9g\u00e9es de Khaled Kessai, premi\u00e8res de leur poule de N3 F\u00e9minine, chez les deuxi\u00e8mes du classement, Meyzieu. Un succ\u00e8s 3-2 (22-25, 26-24, 25-16, 13-25, 15-8) apr\u00e8s 2h25 de jeu qui permet au VBC Chalon de se qualifier en N2 l&rsquo;an prochain, \u00e0 deux journ\u00e9es de la fin du championnat.<\/p>\n","protected":false},"excerpt":{"rendered":"Basket \u00a0: Le Priss\u00e9en Lucas Desroches meilleur marqueur du week-end en N3 Oppos\u00e9 \u00e0 Poligny dans le derby&hellip;\n","protected":false},"author":2,"featured_media":33025,"comment_status":"","ping_status":"","sticky":false,"template":"","format":"standard","meta":{"footnotes":""},"categories":[1417],"tags":[11028,1791,11030,11031,11027,8448,11032,3718,107,1701,1795,1011,27,1792,5981,11029,11026,6003,517,60,1470,1632,1469],"class_list":{"0":"post-33024","1":"post","2":"type-post","3":"status-publish","4":"format-standard","5":"has-post-thumbnail","7":"category-volley","8":"tag-ashbcc-association-sportive-handball-club-chalon-sur-saone","9":"tag-basket-ball","10":"tag-chalon","11":"tag-chalon-bassin","12":"tag-charnay-basket-bourgogne-sud-cbbs","13":"tag-charnay-les-macon","14":"tag-edition-chalon-sur-saone","15":"tag-edition-macon","16":"tag-fil-info","17":"tag-fil-info-sport","18":"tag-fil-web","19":"tag-fr","20":"tag-france","21":"tag-handball","22":"tag-macon-bassin","23":"tag-prisse","24":"tag-prisse-macon-basket-espm","25":"tag-saone-et-loire","26":"tag-sport","27":"tag-sports","28":"tag-volley","29":"tag-volley-ball","30":"tag-volleyball"},"share_on_mastodon":{"url":"https:\/\/pubeurope.com\/@fr\/114356740680186349","error":""},"_links":{"self":[{"href":"https:\/\/www.europesays.com\/fr\/wp-json\/wp\/v2\/posts\/33024","targetHints":{"allow":["GET"]}}],"collection":[{"href":"https:\/\/www.europesays.com\/fr\/wp-json\/wp\/v2\/posts"}],"about":[{"href":"https:\/\/www.europesays.com\/fr\/wp-json\/wp\/v2\/types\/post"}],"author":[{"embeddable":true,"href":"https:\/\/www.europesays.com\/fr\/wp-json\/wp\/v2\/users\/2"}],"replies":[{"embeddable":true,"href":"https:\/\/www.europesays.com\/fr\/wp-json\/wp\/v2\/comments?post=33024"}],"version-history":[{"count":0,"href":"https:\/\/www.europesays.com\/fr\/wp-json\/wp\/v2\/posts\/33024\/revisions"}],"wp:featuredmedia":[{"embeddable":true,"href":"https:\/\/www.europesays.com\/fr\/wp-json\/wp\/v2\/media\/33025"}],"wp:attachment":[{"href":"https:\/\/www.europesays.com\/fr\/wp-json\/wp\/v2\/media?parent=33024"}],"wp:term":[{"taxonomy":"category","embeddable":true,"href":"https:\/\/www.europesays.com\/fr\/wp-json\/wp\/v2\/categories?post=33024"},{"taxonomy":"post_tag","embeddable":true,"href":"https:\/\/www.europesays.com\/fr\/wp-json\/wp\/v2\/tags?post=33024"}],"curies":[{"name":"wp","href":"https:\/\/api.w.org\/{rel}","templated":true}]}}