{"id":330241,"date":"2025-08-19T22:19:11","date_gmt":"2025-08-19T22:19:11","guid":{"rendered":"https:\/\/www.europesays.com\/fr\/330241\/"},"modified":"2025-08-19T22:19:11","modified_gmt":"2025-08-19T22:19:11","slug":"quattendre-de-la-suite-des-negociations-pour-mettre-fin-a-la-guerre-en-ukraine","status":"publish","type":"post","link":"https:\/\/www.europesays.com\/fr\/330241\/","title":{"rendered":"qu\u2019attendre de la suite des n\u00e9gociations pour mettre fin \u00e0 la guerre en Ukraine ?"},"content":{"rendered":"<p>L\u2019acc\u00e9l\u00e9ration diplomatique est nette, mais produira-t-elle des r\u00e9sultats concrets\u00a0? Quelques jours apr\u00e8s avoir rencontr\u00e9 le pr\u00e9sident russe, Vladimir Poutine, Donald Trump <a target=\"_self\" href=\"https:\/\/www.lanouvellerepublique.fr\/a-la-une\/donald-trump-recoit-aimablement-volodymyr-zelensky-et-exprime-son-optimisme-sur-la-paix-en-ukraine-1755541701\" rel=\"nofollow noopener\">a re\u00e7u \u00e0 la Maison-Blanche son homologue ukrainien<\/a>, Volodymyr Zelensky, enti\u00e8rement v\u00eatu en noir, accompagn\u00e9 du chef de l\u2019Otan et de plusieurs dirigeants europ\u00e9ens. Les discussions se sont d\u00e9roul\u00e9es sans accroc mais sans, semble-t-il, conduire \u00e0 des avanc\u00e9es concr\u00e8tes&#8230;. <\/p>\n<p>    Cet article a \u00e9t\u00e9 tronqu\u00e9. Abonnez-vous pour lire l&rsquo;article complet sur notre site.<\/p>\n<p style=\"margin: 0 !important; padding: 0 !important; font-size: 12px !important;\">Cet article a \u00e9t\u00e9 tronqu\u00e9. Abonnez-vous pour lire l&rsquo;article complet.<\/p>\n<p>    <a href=\"https:\/\/www.lanouvellerepublique.fr\/abonnements\" style=\"display: inline-block; margin-top: 5px !important; padding: 6px 12px !important; background: #cb1c27; color: white; text-decoration: none; border-radius: 4px; font-size: 12px !important;\" rel=\"nofollow noopener\" target=\"_blank\"><br \/>\n      S&rsquo;abonner<br \/>\n    <\/a><\/p>\n","protected":false},"excerpt":{"rendered":"L\u2019acc\u00e9l\u00e9ration diplomatique est nette, mais produira-t-elle des r\u00e9sultats concrets\u00a0? Quelques jours apr\u00e8s avoir rencontr\u00e9 le pr\u00e9sident russe, Vladimir&hellip;\n","protected":false},"author":2,"featured_media":330242,"comment_status":"","ping_status":"","sticky":false,"template":"","format":"standard","meta":{"footnotes":""},"categories":[1591],"tags":[328,11,75,1887,27,329,12,1885,1886,132,220],"class_list":{"0":"post-330241","1":"post","2":"type-post","3":"status-publish","4":"format-standard","5":"has-post-thumbnail","7":"category-russie","8":"tag-a-la-une","9":"tag-actualites","10":"tag-donald-trump","11":"tag-federation-de-russie","12":"tag-france","13":"tag-france-monde","14":"tag-news","15":"tag-russia","16":"tag-russian-federation","17":"tag-russie","18":"tag-ukraine"},"share_on_mastodon":{"url":"https:\/\/pubeurope.com\/@fr\/115057758323949360","error":""},"_links":{"self":[{"href":"https:\/\/www.europesays.com\/fr\/wp-json\/wp\/v2\/posts\/330241","targetHints":{"allow":["GET"]}}],"collection":[{"href":"https:\/\/www.europesays.com\/fr\/wp-json\/wp\/v2\/posts"}],"about":[{"href":"https:\/\/www.europesays.com\/fr\/wp-json\/wp\/v2\/types\/post"}],"author":[{"embeddable":true,"href":"https:\/\/www.europesays.com\/fr\/wp-json\/wp\/v2\/users\/2"}],"replies":[{"embeddable":true,"href":"https:\/\/www.europesays.com\/fr\/wp-json\/wp\/v2\/comments?post=330241"}],"version-history":[{"count":0,"href":"https:\/\/www.europesays.com\/fr\/wp-json\/wp\/v2\/posts\/330241\/revisions"}],"wp:featuredmedia":[{"embeddable":true,"href":"https:\/\/www.europesays.com\/fr\/wp-json\/wp\/v2\/media\/330242"}],"wp:attachment":[{"href":"https:\/\/www.europesays.com\/fr\/wp-json\/wp\/v2\/media?parent=330241"}],"wp:term":[{"taxonomy":"category","embeddable":true,"href":"https:\/\/www.europesays.com\/fr\/wp-json\/wp\/v2\/categories?post=330241"},{"taxonomy":"post_tag","embeddable":true,"href":"https:\/\/www.europesays.com\/fr\/wp-json\/wp\/v2\/tags?post=330241"}],"curies":[{"name":"wp","href":"https:\/\/api.w.org\/{rel}","templated":true}]}}