{"id":330243,"date":"2025-08-19T22:20:11","date_gmt":"2025-08-19T22:20:11","guid":{"rendered":"https:\/\/www.europesays.com\/fr\/330243\/"},"modified":"2025-08-19T22:20:11","modified_gmt":"2025-08-19T22:20:11","slug":"le-recit-de-lenvoyee-speciale-du-figaro-2","status":"publish","type":"post","link":"https:\/\/www.europesays.com\/fr\/330243\/","title":{"rendered":"le r\u00e9cit de l\u2019envoy\u00e9e sp\u00e9ciale du Figaro"},"content":{"rendered":"<p data-module=\"fig-standfirst\" data-context=\"@media (min-width:48em)\"><strong>REPORTAGE &#8211; <\/strong>Malgr\u00e9 la sup\u00e9riorit\u00e9 num\u00e9rique des forces russes, les Ukrainiens tentent de garder le contr\u00f4le de Kostiantynivka, Kramatorsk et Sloviansk, aux abords desquelles d\u2019imposantes lignes de d\u00e9fense ont \u00e9t\u00e9 am\u00e9nag\u00e9es.<\/p>\n<p class=\"fig-paragraph fig-paragraph--dropped\">Sloviansk peine \u00e0 trouver le sommeil. Lundi 18\u00a0ao\u00fbt, \u00e0 l\u2019heure\u00a0<a href=\"https:\/\/www.lefigaro.fr\/international\/guerre-ukraine-en-direct-trump-zelensky-poutine-macron-washington-rencontre-paix-20250819\" target=\"_blank\" data-fig-type=\"Live\" rel=\"noopener\" data-gtm-custom-categorie=\"navigation\" data-gtm-custom-action=\"crossclick\" data-gtm-custom-label=\"Contextuel\" data-gtm-event=\"customEventSPE\" data-fig-domain=\"LEFIGARO\">o\u00f9 Donald Trump re\u00e7oit Volodymyr Zelensky dans le Bureau ovale<\/a>, deux missiles Iskander-M d\u00e9chirent le ciel, secouant les murs des habitations o\u00f9 vivent encore pr\u00e8s de 50\u00a0000\u00a0habitants. Deux explosions, puis le silence. Dans l\u2019obscurit\u00e9 totale, l\u2019\u00e9clairage public coup\u00e9, policiers et camions de pompiers sillonnent la ville, cherchant le point d\u2019impact exact de cette attaque \u00e0 cinq millions d\u2019euros &#8211; 2,5\u00a0millions par projectile. \u00ab\u00a0Il y a quelqu\u2019un\u00a0? Des bless\u00e9s\u00a0?\u00a0!\u00a0\u00bb, crient les forces de l\u2019ordre au milieu de la zone industrielle, scrutant \u00e0 la lampe torche le moindre signe de vie. \u00ab\u00a0On a d\u00e9j\u00e0 emmen\u00e9 deux bless\u00e9s \u00e0 l\u2019h\u00f4pital, une femme \u00e0 la station-service et un homme qui passait par l\u00e0. Les missiles sont tomb\u00e9s sur l\u2019atelier d\u2019une usine de c\u00e9ramique vide et dans le champ voisin\u00a0\u00bb, croit savoir Ivan, un secouriste. Sur place, on ne discerne aucune pr\u00e9sence militaire. \u00ab\u00a0Faites attention, des drones Shahed\u2026<\/p>\n<p class=\"fig-premium-paywall__infos\">\n        Cet article est r\u00e9serv\u00e9 aux abonn\u00e9s.        Il vous reste 88% \u00e0 d\u00e9couvrir.\n    <\/p>\n<p>                <img  data- alt=\"Le Figaro\" class=\"fig-img--complete fig-img\"\/><\/p>\n<p class=\"fig-premium-paywall__title\">Vente Flash<\/p>\n<p class=\"fig-premium-paywall__subtitle\">4,99\u20ac par mois pendant 12 mois. Sans engagement<\/p>\n<p class=\"fig-premium-paywall__connect\">\n                D\u00e9j\u00e0 abonn\u00e9\u00a0?                <a class=\"fig-premium-paywall__connect-link\" href=\"https:\/\/connect.lefigaro.fr\/login?client=horizon_web&amp;type=main&amp;redirect_uri=https%3A%2F%2Fwww.lefigaro.fr%2Finternational%2Fdans-le-donbass-l-armee-ukrainienne-s-accroche-a-ses-dernieres-forteresses-urbaines-le-recit-de-l-envoyee-speciale-du-figaro-20250819\" data-js-gtm=\"{&quot;customCategorie&quot;: &quot;conversion&quot;, &quot;customAction&quot;: &quot;before_Landing_Connexion_paywall_auto&quot;, &quot;customLabel&quot;: &quot;bGVmaWdhcm8uZnJfXzFmMDdkMGM1LWMyMjEtNjBhYS05OTY0LThiNWUxZjA3MWZhYV9fQXJ0aWNsZQ==_Dans le Donbass, l\u2019arm\u00e9e ukrainienne s\u2019accroche \u00e0 ses derni\u00e8res \u00abforteresses\u00bb urbaines\u00a0: le r\u00e9cit de l\u2019envoy\u00e9e sp\u00e9ciale du &lt;i&gt;Figaro&lt;\/i&gt;_1000&quot;, &quot;customIDSPE&quot;: &quot;bGVmaWdhcm8uZnJfXzFmMDdkMGM1LWMyMjEtNjBhYS05OTY0LThiNWUxZjA3MWZhYV9fQXJ0aWNsZQ==&quot;, &quot;event&quot;: &quot;customEventSPE&quot;}\" target=\"_blank\" rel=\"noopener\"><br \/>\n                    Connectez-vous<br \/>\n                <\/a>\n            <\/p>\n","protected":false},"excerpt":{"rendered":"REPORTAGE &#8211; Malgr\u00e9 la sup\u00e9riorit\u00e9 num\u00e9rique des forces russes, les Ukrainiens tentent de garder le contr\u00f4le de Kostiantynivka,&hellip;\n","protected":false},"author":2,"featured_media":330244,"comment_status":"","ping_status":"","sticky":false,"template":"","format":"standard","meta":{"footnotes":""},"categories":[1590],"tags":[11,1777,674,131,12,220],"class_list":{"0":"post-330243","1":"post","2":"type-post","3":"status-publish","4":"format-standard","5":"has-post-thumbnail","7":"category-ukraine","8":"tag-actualites","9":"tag-eu","10":"tag-europe","11":"tag-guerre-en-ukraine","12":"tag-news","13":"tag-ukraine"},"share_on_mastodon":{"url":"https:\/\/pubeurope.com\/@fr\/115057762227146282","error":""},"_links":{"self":[{"href":"https:\/\/www.europesays.com\/fr\/wp-json\/wp\/v2\/posts\/330243","targetHints":{"allow":["GET"]}}],"collection":[{"href":"https:\/\/www.europesays.com\/fr\/wp-json\/wp\/v2\/posts"}],"about":[{"href":"https:\/\/www.europesays.com\/fr\/wp-json\/wp\/v2\/types\/post"}],"author":[{"embeddable":true,"href":"https:\/\/www.europesays.com\/fr\/wp-json\/wp\/v2\/users\/2"}],"replies":[{"embeddable":true,"href":"https:\/\/www.europesays.com\/fr\/wp-json\/wp\/v2\/comments?post=330243"}],"version-history":[{"count":0,"href":"https:\/\/www.europesays.com\/fr\/wp-json\/wp\/v2\/posts\/330243\/revisions"}],"wp:featuredmedia":[{"embeddable":true,"href":"https:\/\/www.europesays.com\/fr\/wp-json\/wp\/v2\/media\/330244"}],"wp:attachment":[{"href":"https:\/\/www.europesays.com\/fr\/wp-json\/wp\/v2\/media?parent=330243"}],"wp:term":[{"taxonomy":"category","embeddable":true,"href":"https:\/\/www.europesays.com\/fr\/wp-json\/wp\/v2\/categories?post=330243"},{"taxonomy":"post_tag","embeddable":true,"href":"https:\/\/www.europesays.com\/fr\/wp-json\/wp\/v2\/tags?post=330243"}],"curies":[{"name":"wp","href":"https:\/\/api.w.org\/{rel}","templated":true}]}}