{"id":330251,"date":"2025-08-19T22:24:13","date_gmt":"2025-08-19T22:24:13","guid":{"rendered":"https:\/\/www.europesays.com\/fr\/330251\/"},"modified":"2025-08-19T22:24:13","modified_gmt":"2025-08-19T22:24:13","slug":"les-defis-de-la-chaine-dapprovisionnement-en-europe-elektor-engineering-insights","status":"publish","type":"post","link":"https:\/\/www.europesays.com\/fr\/330251\/","title":{"rendered":"Les d\u00e9fis de la cha\u00eene d\u2019approvisionnement en Europe (Elektor Engineering Insights)"},"content":{"rendered":"<p>L\u2019Europe peut-elle b\u00e2tir une cha\u00eene d\u2019approvisionnement \u00e9lectronique r\u00e9siliente ? Sp\u00e9cialisation et adaptabilit\u00e9 sont ses atouts majeurs, regardez Elektor Engineering Insights.<\/p>\n<p>Comment l&rsquo;industrie \u00e9lectronique europ\u00e9enne se porte-t-elle dans le contexte mondial actuel, instable et exigeant ? Dans cet \u00e9pisode d\u2019Elektor Engineering Insights, nos invit\u00e9s Eben Upton (Raspberry Pi) et Nick Russell (RAM Innovations \/ OSI Electronics) analysent en d\u00e9tail les d\u00e9fis et opportunit\u00e9s de la cha\u00eene d\u2019approvisionnement. En compagnie de Brian Tristam Williams (Elektor) et Nick Flaherty (EENews Europe), ils reviennent sur les p\u00e9nuries li\u00e9es \u00e0 la p\u00e9riode COVID et expliquent pourquoi les effets secondaires se font encore sentir aujourd\u2019hui.<\/p>\n<p>\nLa discussion rentre dans le d\u00e9tail et examine les oscillations \u00e0 long terme de la cha\u00eene d\u2019approvisionnement, les difficult\u00e9s d\u2019approvisionnement en composants critiques, et les d\u00e9pendances toujours fortes, notamment vis-\u00e0-vis des fournisseurs asiatiques. \u00c0 travers des exemples concrets, les intervenants montrent que l\u2019enjeu pour l\u2019Europe n\u2019est pas l\u2019autonomie g\u00e9n\u00e9ralis\u00e9e, mais le leadership cibl\u00e9 dans des domaines comme l\u2019\u00e9lectronique de puissance, l\u2019IoT industriel ou les circuits imprim\u00e9s hautement sp\u00e9cialis\u00e9s.<\/p>\n<p>L\u2019\u00e9pisode offre \u00e9galement des perspectives sur le retour de la production en Europe et sur l\u2019\u00e9volution des relations avec les fournisseurs. De nombreux exemples r\u00e9els sont discut\u00e9s : constitution de stocks de DRAM, succ\u00e8s inattendu du microcontr\u00f4leur RP2040, et bien plus encore. Une cha\u00eene d\u2019approvisionnement r\u00e9siliente repose sur une strat\u00e9gie r\u00e9fl\u00e9chie, et non sur des r\u00e9actions ponctuelles. En d\u00e9finitive, quelle est la place de l\u2019Europe dans l\u2019avenir de l\u2019\u00e9lectronique ? D\u00e9couvrez-le ci-dessous dans cet \u00e9pisode d\u2019Elektor Engineering Insights :&#13;\n<\/p>\n<\/p>\n<p>\u00a0<\/p>\n<p>Explorez davantage<\/p>\n<p>Envie d\u2019en apprendre plus sur les outils, le prototypage, la soudure ou l\u2019\u00e9lectronique en g\u00e9n\u00e9ral ?\u00a0Consultez\u00a0notre contenu suppl\u00e9mentaire sur notre <a href=\"https:\/\/www.youtube.com\/@ElektorTV\/videos\" target=\"_blank\" rel=\"nofollow noopener\">cha\u00eene YouTube Elektor<\/a> et sur notre cha\u00eene YouTube <a href=\"https:\/\/www.youtube.com\/@ElektorIndustry\" target=\"_blank\" rel=\"nofollow noopener\">Elektor Industry<\/a>. Abonnez-vous \u00e0 notre <a href=\"http:\/\/www.elektormagazine.fr\/elektor-newsletter\" target=\"_blank\" rel=\"nofollow noopener\">newsletter Elektor<\/a> pour recevoir un flux constant de connaissances techniques d&rsquo;experts et de perspectives int\u00e9ressantes.<\/p>\n","protected":false},"excerpt":{"rendered":"L\u2019Europe peut-elle b\u00e2tir une cha\u00eene d\u2019approvisionnement \u00e9lectronique r\u00e9siliente ? Sp\u00e9cialisation et adaptabilit\u00e9 sont ses atouts majeurs, regardez Elektor&hellip;\n","protected":false},"author":2,"featured_media":330252,"comment_status":"","ping_status":"","sticky":false,"template":"","format":"standard","meta":{"footnotes":""},"categories":[1586],"tags":[11,46783,46785,46782,4357,46779,46786,46780,46778,1777,674,1011,27,12,46781,46784,25,46777],"class_list":{"0":"post-330251","1":"post","2":"type-post","3":"status-publish","4":"format-standard","5":"has-post-thumbnail","7":"category-europe","8":"tag-actualites","9":"tag-circuits-circuit-design","10":"tag-circuits-conception-de-circuits-news","11":"tag-components","12":"tag-covid-19","13":"tag-eben-upton","14":"tag-elektor","15":"tag-elektor-engineering-insights","16":"tag-elektor-tv","17":"tag-eu","18":"tag-europe","19":"tag-fr","20":"tag-france","21":"tag-news","22":"tag-prototyping-production","23":"tag-prototyping-production-news","24":"tag-republique-francaise","25":"tag-supply-chain-management"},"share_on_mastodon":{"url":"https:\/\/pubeurope.com\/@fr\/115057777953179366","error":""},"_links":{"self":[{"href":"https:\/\/www.europesays.com\/fr\/wp-json\/wp\/v2\/posts\/330251","targetHints":{"allow":["GET"]}}],"collection":[{"href":"https:\/\/www.europesays.com\/fr\/wp-json\/wp\/v2\/posts"}],"about":[{"href":"https:\/\/www.europesays.com\/fr\/wp-json\/wp\/v2\/types\/post"}],"author":[{"embeddable":true,"href":"https:\/\/www.europesays.com\/fr\/wp-json\/wp\/v2\/users\/2"}],"replies":[{"embeddable":true,"href":"https:\/\/www.europesays.com\/fr\/wp-json\/wp\/v2\/comments?post=330251"}],"version-history":[{"count":0,"href":"https:\/\/www.europesays.com\/fr\/wp-json\/wp\/v2\/posts\/330251\/revisions"}],"wp:featuredmedia":[{"embeddable":true,"href":"https:\/\/www.europesays.com\/fr\/wp-json\/wp\/v2\/media\/330252"}],"wp:attachment":[{"href":"https:\/\/www.europesays.com\/fr\/wp-json\/wp\/v2\/media?parent=330251"}],"wp:term":[{"taxonomy":"category","embeddable":true,"href":"https:\/\/www.europesays.com\/fr\/wp-json\/wp\/v2\/categories?post=330251"},{"taxonomy":"post_tag","embeddable":true,"href":"https:\/\/www.europesays.com\/fr\/wp-json\/wp\/v2\/tags?post=330251"}],"curies":[{"name":"wp","href":"https:\/\/api.w.org\/{rel}","templated":true}]}}