{"id":330266,"date":"2025-08-19T22:32:07","date_gmt":"2025-08-19T22:32:07","guid":{"rendered":"https:\/\/www.europesays.com\/fr\/330266\/"},"modified":"2025-08-19T22:32:07","modified_gmt":"2025-08-19T22:32:07","slug":"carlos-alcaraz-et-emma-raducanu-elimines-dentree-en-double-mixte-a-lus-open-novak-djokovic-et-olga-danilovic-aussi-lequipe","status":"publish","type":"post","link":"https:\/\/www.europesays.com\/fr\/330266\/","title":{"rendered":"Carlos Alcaraz et Emma Raducanu \u00e9limin\u00e9s d&#039;entr\u00e9e en double mixte \u00e0 l&#039;US Open, Novak Djokovic et Olga Danilovic aussi &#8211; L&#039;\u00c9quipe"},"content":{"rendered":"<ol>\n<li><a href=\"https:\/\/news.google.com\/rss\/articles\/CBMi-AFBVV95cUxOTTJkeUlpMlhGTzh6TmJ3RkFBRUtfNHV3QmV6Wi1aNlFRcTZsUTN1cTJtcFhtLVZWMDVXd2drMTA5Vi1HMzhLcjJrVUlKUElJUE9jS091OUlOdV92REJuSDZLYld0YnJjSFFwYXIzbjJLYzB0eUZCTkEzNHdyelR5cU9BcUxPT0ZVaUJJU3ZaVkJiRnFhNGNwVFRhZ3p0aTRmcTNMVDRDNVhwRFhpSWJUbHI2OUx4ZF9DQ3hza1cyaHJ5MnFwOWpIc0FwdF9CU3lRUGY2WjFYQjdMNjl2WU1CRExRSTlLSzViNzN3NDhla1J2bGlYeElpWQ?oc=5\" target=\"_blank\" rel=\"nofollow noopener\">Carlos Alcaraz et Emma Raducanu \u00e9limin\u00e9s d&rsquo;entr\u00e9e en double mixte \u00e0 l&rsquo;US Open, Novak Djokovic et Olga Danilovic aussi<\/a>&nbsp;&nbsp;L&rsquo;\u00c9quipe<\/li>\n<li><a href=\"https:\/\/news.google.com\/rss\/articles\/CBMi9wFBVV95cUxQcmVMQmkzQmNsaUI2b0FjT3RnYTl4UFpQR2hqd0NzQnN2SHRfWDU1dlcyOHBLalRSUHVhdGNnekk0Zjd3TlRFUEN1Y2N1UUtMSUgxcm8ydThXcURwNHNfUVAwMGVDVThkLWp0UWFOaVZ2RmxwWTJ4a083VnNJQlR2SW15RnlXS1hsMk9YWklOSHFtQkp5cWFjU1BDQnFvcEo2WVZhS2puWGhFM25TYXk4djFQaXlUMkVvQTNDVHJoZW9XZ3JvaFE4aGd0Ym1hNV81cTVtR2Z4VWZMejVRRDk5aFJ2Tzk1UGM1YkNvM01tc2dCOG5jV2Ew?oc=5\" target=\"_blank\" rel=\"nofollow noopener\">US Open &#8211; Double mixte &#8211; La paire Monfils\/Osaka sorti d&rsquo;entr\u00e9e contre Musetti et McNally<\/a>&nbsp;&nbsp;Eurosport<\/li>\n<li><a href=\"https:\/\/news.google.com\/rss\/articles\/CBMi9wFBVV95cUxNTGVmWFMwMG5yd3NvbV9fc3BtMEJDZ0lhZ212Q2RPUnAxcHJtYnBhY1EyR2FDSkhWWlB2LVVzcWQ3N1pnOUczYjZRclhDbGdfYm5NdFBCckZiS2lXX0NOek5xLUo0bUxaRzE5ckkzOF96cXNJRWc4Y2V2d3Z2cUozdmdXMVlmU3JyN21sNkZ3YlRxd1NDYjlyY0U1blNqRDN1Wm9TQlFIcXRRSjlVUTFKaE50NXdzYW1uRWFPLWlfTHduZUYtME5nT00zRVlPeVg2TVZCakZZLU1KbVRCbHNyNWlIN3M5ZkU0bDZSSnAtZlg3T09CNkFZ?oc=5\" target=\"_blank\" rel=\"nofollow noopener\">Jannik Sinner, malade et contraint \u00e0 l\u2019abandon en finale \u00e0 Cincinnati, assure qu\u2019il jouera l\u2019US Open<\/a>&nbsp;&nbsp;Le Monde.fr<\/li>\n<li><a href=\"https:\/\/news.google.com\/rss\/articles\/CBMiuAFBVV95cUxOY2w5X0h3bmx6OFRvdjJmNHpNTHVVOVpwWG44dUN4TkE4WXJyN1VPRDdNY0FLcTRlV194TEFPanJzRDlJdEJkbWh2MzlzbWxMdjFqVmROaERBbWw5UWMtNUlIMzM5d0x1eVdLRU82aVkwN2pIX0pQRUxnRzdFcUJBR19XVXFKNEwydTRzcUE5ZFVxSTlEUUFqbE04aTZBbDRRZTlaak5nSE9LTS12QzhyTFk2MTBLdFRU?oc=5\" target=\"_blank\" rel=\"nofollow noopener\">Tennis : l\u2019US Open confirme le forfait de Sinner pour le double mixte<\/a>&nbsp;&nbsp;Sud Ouest<\/li>\n<li><a href=\"https:\/\/news.google.com\/rss\/articles\/CBMi1gFBVV95cUxNdGpKZXJyRmlCZnFGdEZsbTFaV2ZIM21ibFN2TmZaLWktU2JZM3FKTkpJampVT1pBc1hhcFZTNm9BV0V1dnh1VV9Ub3VnM0s4TmxDN1hkX21HempLMmVQeEI4cUJnWE84b0NfeXBrM1A5eS13QnVuVmRhajVkQjg2aWt3VWpyVU52YTFlbGdZdFhRaHY3ZTNqQ28teHNzZU16WmluLVJMMUpMai1CcmItS3RnVUFaTC1majY1OGVNcUMyUzJvZ0lRYm45cVhxRDd2aVNJbzVB0gHUAUFVX3lxTE1FcHpCbC1adFctYWViREhlRVVqMTg5VVVNdkxrNmcxaExEdzNJV1BJVEViQ0ozYVRFTmF2S3FMd1U5SzIzZHdITGtGUkN2T0s1emxQakZlUEN6S2tOaGVuejVKQXhvajZJSmlwVVJ6MXI3RlRtQ3dCSlVPYXZ6YWNOT0ZCU3g3R1F2bjdseWRMUWg1TDA4LVR6MzduX3V2ZTA3blg4U1JyX0VyTkd6bXdtZGRDblZadnlZRHluTnF0X2pGNTZvTGp3cVdhOG5vSE1SWWUt?oc=5\" target=\"_blank\" rel=\"nofollow noopener\">US Open : Entre pol\u00e9mique, \u00e9quit\u00e9 et inqui\u00e9tude pour le double mixte<\/a>&nbsp;&nbsp;Orange Actualit\u00e9s | Sports<\/li>\n<\/ol>\n","protected":false},"excerpt":{"rendered":"Carlos Alcaraz et Emma Raducanu \u00e9limin\u00e9s d&rsquo;entr\u00e9e en double mixte \u00e0 l&rsquo;US Open, Novak Djokovic et Olga Danilovic&hellip;\n","protected":false},"author":2,"featured_media":1445,"comment_status":"","ping_status":"","sticky":false,"template":"","format":"standard","meta":{"footnotes":""},"categories":[1415],"tags":[1011,27,60,1467],"class_list":{"0":"post-330266","1":"post","2":"type-post","3":"status-publish","4":"format-standard","5":"has-post-thumbnail","7":"category-tennis","8":"tag-fr","9":"tag-france","10":"tag-sports","11":"tag-tennis"},"share_on_mastodon":{"url":"","error":""},"_links":{"self":[{"href":"https:\/\/www.europesays.com\/fr\/wp-json\/wp\/v2\/posts\/330266","targetHints":{"allow":["GET"]}}],"collection":[{"href":"https:\/\/www.europesays.com\/fr\/wp-json\/wp\/v2\/posts"}],"about":[{"href":"https:\/\/www.europesays.com\/fr\/wp-json\/wp\/v2\/types\/post"}],"author":[{"embeddable":true,"href":"https:\/\/www.europesays.com\/fr\/wp-json\/wp\/v2\/users\/2"}],"replies":[{"embeddable":true,"href":"https:\/\/www.europesays.com\/fr\/wp-json\/wp\/v2\/comments?post=330266"}],"version-history":[{"count":0,"href":"https:\/\/www.europesays.com\/fr\/wp-json\/wp\/v2\/posts\/330266\/revisions"}],"wp:featuredmedia":[{"embeddable":true,"href":"https:\/\/www.europesays.com\/fr\/wp-json\/wp\/v2\/media\/1445"}],"wp:attachment":[{"href":"https:\/\/www.europesays.com\/fr\/wp-json\/wp\/v2\/media?parent=330266"}],"wp:term":[{"taxonomy":"category","embeddable":true,"href":"https:\/\/www.europesays.com\/fr\/wp-json\/wp\/v2\/categories?post=330266"},{"taxonomy":"post_tag","embeddable":true,"href":"https:\/\/www.europesays.com\/fr\/wp-json\/wp\/v2\/tags?post=330266"}],"curies":[{"name":"wp","href":"https:\/\/api.w.org\/{rel}","templated":true}]}}