{"id":330267,"date":"2025-08-19T22:34:13","date_gmt":"2025-08-19T22:34:13","guid":{"rendered":"https:\/\/www.europesays.com\/fr\/330267\/"},"modified":"2025-08-19T22:34:13","modified_gmt":"2025-08-19T22:34:13","slug":"une-course-geree-avec-sagacite","status":"publish","type":"post","link":"https:\/\/www.europesays.com\/fr\/330267\/","title":{"rendered":"\u00ab Une course g\u00e9r\u00e9e avec sagacit\u00e9 \u00bb"},"content":{"rendered":"<p>&#13;<\/p>\n<p><strong>Gigi Dall\u2019Igna revient sur le Grand Prix d\u2019Autriche\u00a0: la victoire de Marquez, la prestation d\u2019Aldeguer et les difficult\u00e9s de Bagnaia.<\/strong><\/p>\n<p>Marc Marquez a remport\u00e9 sa premi\u00e8re victoire en Autriche, offrant \u00e0 Ducati un sixi\u00e8me doubl\u00e9 de suite et une dixi\u00e8me victoire sur ce trac\u00e9. \u00ab\u2009Une course construite sur une strat\u00e9gie cibl\u00e9e et g\u00e9r\u00e9e avec beaucoup de sagacit\u00e9, apr\u00e8s la chute en qualifications qui l\u2019a contraint \u00e0 s\u2019\u00e9lancer de la quatri\u00e8me place sur la grille, pr\u00e9cise Gigi Dall&rsquo;Igna, patron de Ducati Corse qui salue aussi la gestion du Catalan. Marc a su attendre, g\u00e9rer au mieux les pneus et attaquer dans la seconde moiti\u00e9.\u2009\u00bb<\/p>\n<p>Concernant Fermin Aldeguer, deuxi\u00e8me, l\u2019Italien est dithyrambique\u00a0: \u00ab\u2009Une performance merveilleuse, une remont\u00e9e excitante et un rythme de course impressionnant jusqu\u2019\u00e0 l\u2019arriv\u00e9e. Le courage et le talent d\u2019un rookie, alliant la qualit\u00e9 et la perspicacit\u00e9 de quelqu\u2019un qui a plus de connaissances que sa vingtaine d\u2019ann\u00e9es ne le laisse supposer.\u2009\u00bb<\/p>\n<p>Sur le cas Bagnaia, Dall\u2019Igna \u00e9voque un week-end qui avait bien commenc\u00e9, mais perturb\u00e9 par \u00ab\u2009quelques incidents regrettables en Sprint et en course\u2009\u00bb. Il insiste sur l\u2019\u00e9tat d\u2019esprit \u00e0 conserver\u00a0: \u00ab\u2009Pour d\u00e9montrer que le mot cl\u00e9 reste toujours le m\u00eame\u00a0: la positivit\u00e9. Nous n\u2019avons aucun doute quant au potentiel du Champion et de la moto. Ensemble, nous devons \u201cunir nos efforts\u201d, comme toujours. Nous devons comprendre et accepter la d\u00e9ception, l\u2019affronter continuellement sans jamais abandonner et pers\u00e9v\u00e9rer jusqu\u2019au bout.\u2009\u00bb<\/p>\n<p>Et d\u2019ajouter\u00a0: L\u2019exp\u00e9rience nous enseigne que lorsque les choses tournent mal, il y a toujours quelque chose qui ajoute \u00e0 la frustration et fait obstacle\u00a0: il faut garder la t\u00eate froide, consid\u00e9rer les aspects positifs et repartir de l\u00e0, comme lors des essais libres au d\u00e9but du week-end.\u2009\u00bb<\/p>\n<p>Enfin, il conclut en remerciant ses \u00e9quipes tout en observant les progr\u00e8s de la concurrence\u00a0: \u00ab\u2009Je remercie tous ceux qui travaillent si dur, surtout dans une p\u00e9riode o\u00f9 les signes de r\u00e9action de nos rivaux sont clairs et nets.\u2009\u00bb<\/p>\n<p>&#13;<br \/>\n           &#13;<br \/>\n&#13;<br \/>\n    &#13;<br \/>\n    &#13;<\/p>\n","protected":false},"excerpt":{"rendered":"&#13; Gigi Dall\u2019Igna revient sur le Grand Prix d\u2019Autriche\u00a0: la victoire de Marquez, la prestation d\u2019Aldeguer et les&hellip;\n","protected":false},"author":2,"featured_media":330268,"comment_status":"","ping_status":"","sticky":false,"template":"","format":"standard","meta":{"footnotes":""},"categories":[1413],"tags":[1011,27,1457,1456,60],"class_list":{"0":"post-330267","1":"post","2":"type-post","3":"status-publish","4":"format-standard","5":"has-post-thumbnail","7":"category-moto","8":"tag-fr","9":"tag-france","10":"tag-moto","11":"tag-motocycle","12":"tag-sports"},"share_on_mastodon":{"url":"https:\/\/pubeurope.com\/@fr\/115057817230143027","error":""},"_links":{"self":[{"href":"https:\/\/www.europesays.com\/fr\/wp-json\/wp\/v2\/posts\/330267","targetHints":{"allow":["GET"]}}],"collection":[{"href":"https:\/\/www.europesays.com\/fr\/wp-json\/wp\/v2\/posts"}],"about":[{"href":"https:\/\/www.europesays.com\/fr\/wp-json\/wp\/v2\/types\/post"}],"author":[{"embeddable":true,"href":"https:\/\/www.europesays.com\/fr\/wp-json\/wp\/v2\/users\/2"}],"replies":[{"embeddable":true,"href":"https:\/\/www.europesays.com\/fr\/wp-json\/wp\/v2\/comments?post=330267"}],"version-history":[{"count":0,"href":"https:\/\/www.europesays.com\/fr\/wp-json\/wp\/v2\/posts\/330267\/revisions"}],"wp:featuredmedia":[{"embeddable":true,"href":"https:\/\/www.europesays.com\/fr\/wp-json\/wp\/v2\/media\/330268"}],"wp:attachment":[{"href":"https:\/\/www.europesays.com\/fr\/wp-json\/wp\/v2\/media?parent=330267"}],"wp:term":[{"taxonomy":"category","embeddable":true,"href":"https:\/\/www.europesays.com\/fr\/wp-json\/wp\/v2\/categories?post=330267"},{"taxonomy":"post_tag","embeddable":true,"href":"https:\/\/www.europesays.com\/fr\/wp-json\/wp\/v2\/tags?post=330267"}],"curies":[{"name":"wp","href":"https:\/\/api.w.org\/{rel}","templated":true}]}}