{"id":330269,"date":"2025-08-19T22:35:22","date_gmt":"2025-08-19T22:35:22","guid":{"rendered":"https:\/\/www.europesays.com\/fr\/330269\/"},"modified":"2025-08-19T22:35:22","modified_gmt":"2025-08-19T22:35:22","slug":"lukaku-geant-a-terre-eurosport","status":"publish","type":"post","link":"https:\/\/www.europesays.com\/fr\/330269\/","title":{"rendered":"Lukaku, g\u00e9ant \u00e0 terre &#8211; Eurosport"},"content":{"rendered":"<ol>\n<li><a href=\"https:\/\/news.google.com\/rss\/articles\/CBMi_gFBVV95cUxQcEJXOEpJNU1EZ3NSRC1sdGxsWGtsNVlMZU1RX29ydnVwdlE5dV9vd3VJQWYtQ2lEeHFtTEZDYWRoYlkxS3c3YW55Qnl0TmdJODR5S1F4S3V2Q1hWRzJES0RJdktlajV0bkE3R3JWaVJGZ2w2amRUenhsZXRrbVh2QWIzR19mYko0M3RCUHRvTkNVbzBfN1JVTXpRX1Fqay1OU3RkSWNqMnppV3RwMjJDZ1pDVk4ybEpmdWNWU0swMW5yU0lnVDdrazhoaVlJeFJ5SWJ2QkRQcHd2LVhxaGFyd1JBcllEejBFMW04VU45a3VZRW5MM003My1IRlhmUQ?oc=5\" target=\"_blank\" rel=\"nofollow noopener\">Lukaku, g\u00e9ant \u00e0 terre<\/a>&nbsp;&nbsp;Eurosport<\/li>\n<li><a href=\"https:\/\/news.google.com\/rss\/articles\/CBMivgFBVV95cUxNMUZ2RS1FU3pPWUdHOFRBS3FzZ2pMek9PX19hdlEtV19iLWphQVdtTzF0dllLd1dIOUNqaXBSREtXSmNSTWN5dnZkRHJnTmNYejBkcjREaEhObUpXZHZtNDNNVHBtWEdkSWxnbzhSMTF1b2JVdUFzbDhpMkc3bnFRMmNRVnVjR2FKVFlVU0Jsd050dlhYTkw4MFo0WVFEUGJhREtyY3FkbFNYNHJ1azhaUGVfRVF2VGtsM0lKNW5B0gG8AUFVX3lxTE42VlJScERRbTd1ekI1OTFORWU1X2o4RXlYNnc3OEthNExVWWRCWmVYUTI0c2xsTl9RSDNXbS1nSzF3NUFSY3ViMHNWQWcyejNZdlpVUGlmRTJoa2t0Z1d4RlJYR3Z6eTc1d2xfdjgwRGN0UVNHaUR4dmpjZWpFMGlBOC1qNGJhaTY0a0VuQ2VNQzFmRTh6N3VZQUZyZGlmb200bFJsWElEYmU0cXhHRkV3cHR6MUF5bVpmQzE0?oc=5\" target=\"_blank\" rel=\"nofollow noopener\">Naples : Une tr\u00e8s mauvaise nouvelle pour Lukaku<\/a>&nbsp;&nbsp;Orange Actualit\u00e9s | Sports<\/li>\n<li><a href=\"https:\/\/news.google.com\/rss\/articles\/CBMisgFBVV95cUxOdzRYRzFUbkRIeVNUTGdhODRkUjNkcUV3d1JmTl9BTnFSYTlSemtHaXJxa2kxeTZpNC1YaWtYOWl5UXRpUXF4dW1na3VsaU9WT3BqN3o3MnRLMHIzU2hxNVBuV01GRDdhczd1QkJiQU5HdFpwdGR6dmtvYWdkekc4MEFwNjA2V3NjVk03TVljLWxsSXVkU2s4UkY3cmJtQVhhMGw1THh4VDJ3dTJvbHpsd1ln?oc=5\" target=\"_blank\" rel=\"nofollow noopener\">Naples a une liste de 5 attaquants pour remplacer Romelu Lukaku<\/a>&nbsp;&nbsp;Foot Mercato<\/li>\n<li><a href=\"https:\/\/news.google.com\/rss\/articles\/CBMi9AFBVV95cUxPRTlPR1duUkdqbEQ4cHVlRHlYTGZaLWdyMERRdlpRRzBWbWRqVlJYV1hTOE1mamVscmM3czE0cHB3T3dZSDVXdmR4NXlGWGFxU25MV0dSVDBSYmFMM0tiMjRSZG8yMTJCajQ3WkpHX19lZE9aejl2ZWRaMnh3VnBuQzBBcmt1YnppeHpBWTZfNEZ4MkZmRDdySEFQY3BZWlYzSUxJSmhxbHNXaGYxNWlWSlhxYUdyZmI1RHp4S1ZYRHgwX1NUN2hWMlZQRlZmaWRzOGhZOWZIR2VtcXQxZVBDOVQxcmJPRDVmSU4xZXJIdmpVU2FH?oc=5\" target=\"_blank\" rel=\"nofollow noopener\">Une blessure \u00ab de haute importance \u00bb : Romelu Lukaku absent au moins deux mois, Naples songe \u00e0 se renforcer en attaque<\/a>&nbsp;&nbsp;L&rsquo;\u00c9quipe<\/li>\n<li><a href=\"https:\/\/news.google.com\/rss\/articles\/CBMi2AFBVV95cUxQZmZnVGlsTmFVaUs0a0NIaXhreDFKZGdweFozLUxSR2NUM1FYVF9FeXBPOE94LVJRRVJ5QWh5OUVsbjljV1VVRUZTNjV6c25hZk1KRWh0OUtNNEppUklLdGRWbVJsQmhROEo3YzVqZjRYa1hTNjBodmt1eWVZRkxKUDdCQkNDOVJLd0RCc2JBZXl4UEpRRzlSNTAzSkJWQTJNcEd6VERuam03VHFBQVYwUVByLTc5c3oyQzlKa0dfcUpGYkFZbjZQQWhQNEg3elpIQVZuNlBvWlo?oc=5\" target=\"_blank\" rel=\"nofollow noopener\">Diables rouges : priv\u00e9s de Lukaku, comment viser la Coupe du monde ?<\/a>&nbsp;&nbsp;La Libre.be<\/li>\n<\/ol>\n","protected":false},"excerpt":{"rendered":"Lukaku, g\u00e9ant \u00e0 terre&nbsp;&nbsp;Eurosport Naples : Une tr\u00e8s mauvaise nouvelle pour Lukaku&nbsp;&nbsp;Orange Actualit\u00e9s | Sports Naples a une&hellip;\n","protected":false},"author":2,"featured_media":1445,"comment_status":"","ping_status":"","sticky":false,"template":"","format":"standard","meta":{"footnotes":""},"categories":[1412],"tags":[1451,1452,1453,1454,1455,1011,27,60],"class_list":{"0":"post-330269","1":"post","2":"type-post","3":"status-publish","4":"format-standard","5":"has-post-thumbnail","7":"category-f1","8":"tag-f1","9":"tag-formula-1","10":"tag-formula1","11":"tag-formule-1","12":"tag-formule1","13":"tag-fr","14":"tag-france","15":"tag-sports"},"share_on_mastodon":{"url":"https:\/\/pubeurope.com\/@fr\/115057821200690789","error":""},"_links":{"self":[{"href":"https:\/\/www.europesays.com\/fr\/wp-json\/wp\/v2\/posts\/330269","targetHints":{"allow":["GET"]}}],"collection":[{"href":"https:\/\/www.europesays.com\/fr\/wp-json\/wp\/v2\/posts"}],"about":[{"href":"https:\/\/www.europesays.com\/fr\/wp-json\/wp\/v2\/types\/post"}],"author":[{"embeddable":true,"href":"https:\/\/www.europesays.com\/fr\/wp-json\/wp\/v2\/users\/2"}],"replies":[{"embeddable":true,"href":"https:\/\/www.europesays.com\/fr\/wp-json\/wp\/v2\/comments?post=330269"}],"version-history":[{"count":0,"href":"https:\/\/www.europesays.com\/fr\/wp-json\/wp\/v2\/posts\/330269\/revisions"}],"wp:featuredmedia":[{"embeddable":true,"href":"https:\/\/www.europesays.com\/fr\/wp-json\/wp\/v2\/media\/1445"}],"wp:attachment":[{"href":"https:\/\/www.europesays.com\/fr\/wp-json\/wp\/v2\/media?parent=330269"}],"wp:term":[{"taxonomy":"category","embeddable":true,"href":"https:\/\/www.europesays.com\/fr\/wp-json\/wp\/v2\/categories?post=330269"},{"taxonomy":"post_tag","embeddable":true,"href":"https:\/\/www.europesays.com\/fr\/wp-json\/wp\/v2\/tags?post=330269"}],"curies":[{"name":"wp","href":"https:\/\/api.w.org\/{rel}","templated":true}]}}