{"id":330276,"date":"2025-08-19T22:39:18","date_gmt":"2025-08-19T22:39:18","guid":{"rendered":"https:\/\/www.europesays.com\/fr\/330276\/"},"modified":"2025-08-19T22:39:18","modified_gmt":"2025-08-19T22:39:18","slug":"derriere-les-photos-majestueuses-deric-carrere-un-travail-dorfevre-en-preparation","status":"publish","type":"post","link":"https:\/\/www.europesays.com\/fr\/330276\/","title":{"rendered":"derri\u00e8re les photos majestueuses d\u2019Eric Carr\u00e8re, un travail d\u2019orf\u00e8vre en pr\u00e9paration"},"content":{"rendered":"<p>La Lune avance doucement vers l\u2019antenne, elle remonte le pic jusqu\u2019\u00e0 ses 2\u00a0877 m\u00e8tres. 5, 4, 3, 2, 1\u2026 Clic, clac\u00a0! La photo est dans la bo\u00eete et pourrait bien renforcer <a href=\"https:\/\/www.sudouest.fr\/pyrenees-atlantiques\/pau\/pyrenees-emmanuel-macron-au-soutien-de-la-candidature-du-pic-du-midi-a-l-unesco-25279790.php\" target=\"_blank\" rel=\"follow nofollow noopener\">la candidature du Pic du midi de Bigorre au classement Unesco<\/a>. Eric Carr\u00e8re vient de r\u00e9aliser un nouveau clich\u00e9 dont il a le secret et qui g\u00e9n\u00e9reront des torrents de likes sur les r\u00e9seaux sociaux. Une r\u00e9compense m\u00e9rit\u00e9e tant ce photographe amateur se donne du mal pour parvenir \u00e0 l\u2019image parfaite.<\/p>\n<p>\u00ab\u00a0Cette photo r\u00e9sume la qu\u00eate technique pour se trouver au bon endroit au bon moment\u00a0\u00bb, explique ce commercial en assurances qui a d\u00e9couvert son violon d\u2019Ingres \u00e0 la fin des ann\u00e9es 1990 avec les premi\u00e8res photos de ses enfants. \u00ab\u00a0M\u00eame si la qualit\u00e9 n\u2019est pas satisfaisante pour moi parce qu\u2019on a de la brume. J\u2019avais r\u00e9ussi quelque chose de similaire il y a\u00a0deux ans, la m\u00e9t\u00e9o \u00e9tait plus propice.\u00a0\u00bb<\/p>\n<p>Ce randonneur chevronn\u00e9 ne s\u2019aventure jamais au petit bonheur la chance. \u00ab\u00a0J\u2019\u00e9tais mont\u00e9 au col d\u2019Aubisque en d\u00e9but d\u2019apr\u00e8s-midi. Je l\u2019avais grimp\u00e9 \u00e0 v\u00e9lo et j\u2019avais vu que les plan\u00e8tes seraient probablement align\u00e9es. Il fallait ensuite monter sur le col avec la bonne perspective sur le pic. Je vais toujours chercher o\u00f9 me placer, c\u2019est la base.\u00a0\u00bb<\/p>\n<p>        <img decoding=\"async\" id=\"25355145\" src=\"https:\/\/www.europesays.com\/fr\/wp-content\/uploads\/2025\/08\/9-portrait-ayous.jpg\" alt=\"\u00c9ric Carr\u00e8re est un randonneur exp\u00e9riment\u00e9 qui sait o\u00f9 se positionner pour les meilleures photos.\" itemprop=\"contentURL\"\/><\/p>\n<p>    \u00c9ric Carr\u00e8re est un randonneur exp\u00e9riment\u00e9 qui sait o\u00f9 se positionner pour les meilleures photos.<\/p>\n<p>\u00c9ric Carr\u00e8re<\/p>\n<p>Le travail pr\u00e9paratoire emprunte ensuite \u00e0 l\u2019a\u00e9rologie et \u00e0 la bonne connaissance des nuages. O\u00f9 son DUT g\u00e9nie thermique et son stage au CNES ne sont pas superflus. \u00ab\u00a0Selon les calculs tout doit concorder, reste toujours l\u2019\u00e9l\u00e9ment m\u00e9t\u00e9o. Quand \u00e7a se r\u00e9alise, c\u2019est satisfaisant.\u00a0\u00bb<\/p>\n<p>Focale, profondeur de champ, ouverture\u2026 le reste de la recette appartient \u00e0 la technique du photographe et renvoie \u00e0 une galaxie de chiffres qu\u2019il serait inutile de reproduire ici, tant les v\u00e9ritables amateurs en sont \u00e9loign\u00e9s. Il dispose d\u2019un mat\u00e9riel adapt\u00e9 et conna\u00eet les difficult\u00e9s de la prise de vue en montagne. \u00ab\u00a0En bivouac, c\u2019est assez dangereux. Il faut bien se positionner, bien s\u2019\u00e9quiper parce que les conditions, surtout en hiver, ne sont pas toujours tr\u00e8s confortables.\u00a0\u00bb<\/p>\n<p>La plaine et les coteaux aussi<\/p>\n<p>Ses clich\u00e9s, qui associent plusieurs images de Voie lact\u00e9e pour composer un panorama entier, sont les plus partag\u00e9s du web pyr\u00e9n\u00e9en. Ils ont m\u00eame inspir\u00e9 certaines affiches dont les auteurs n\u2019ont pas toujours pris soin d\u2019aviser l\u2019amateur \u00e9clair\u00e9. Mais Eric Carr\u00e8re sait aussi immortaliser la plaine et les vall\u00e9es moins accident\u00e9es.<\/p>\n<p>        <img decoding=\"async\" id=\"25355223\" src=\"https:\/\/www.europesays.com\/fr\/wp-content\/uploads\/2025\/08\/3h0a1291-dxo-copie.jpg\" alt=\"\u00ab\u00a0J\u2019aime avoir un premier plan et une profondeur avec du min\u00e9ral, du v\u00e9g\u00e9tal, de la faune.\" itemprop=\"contentURL\"\/><\/p>\n<p>    \u00ab\u00a0J\u2019aime avoir un premier plan et une profondeur avec du min\u00e9ral, du v\u00e9g\u00e9tal, de la faune.<\/p>\n<p>\u00c9ric Carr\u00e8re<\/p>\n<p>\u00c9tabli sur les coteaux de Gan-Juran\u00e7on, le photographe est servi en cartes postales naturelles. \u00ab\u00a0J\u2019aime avoir un premier plan et une profondeur avec du min\u00e9ral, du v\u00e9g\u00e9tal, de la faune. \u00c7a permet de montrer toute la beaut\u00e9 de la r\u00e9gion. Plus les gens appr\u00e9cient ces images, plus je me dis qu\u2019ils sont enclins \u00e0 la prot\u00e9ger.\u00a0\u00bb<\/p>\n<p>        <img decoding=\"async\" id=\"25355237\" src=\"https:\/\/www.europesays.com\/fr\/wp-content\/uploads\/2025\/08\/17-oloron-2.jpg\" alt=\"Le Pont d\u2019Ossau \u00e0 Oloron s\u2019admire aussi en regardant vers le bas\u2026\" itemprop=\"contentURL\"\/><\/p>\n<p>    Le Pont d\u2019Ossau \u00e0 Oloron s\u2019admire aussi en regardant vers le bas\u2026<\/p>\n<p>\u00c9ric Carr\u00e8re<\/p>\n<p>Le photographe joue avec les \u00e9l\u00e9ments \u00e0 Oloron pour refl\u00e9ter les ponts du Gave, la baigneuse de la fontaine Clemenceau \u00e0 Pau ou encore rendre hommage aux militaires et secouristes, dont les a\u00e9ronefs traversent les belles images. On y d\u00e9couvre aussi sa passion pour le v\u00e9lo comme avec cette image qui accole \u00e0 un cadre la grande roue du boulevard des Pyr\u00e9n\u00e9es.<\/p>\n<p>\u00ab\u00a0L\u2019id\u00e9e, c\u2019est de combiner mes passions. Comme le grand photographe local Jean-Louis Duzert qui est passionn\u00e9 de flamenco et a r\u00e9alis\u00e9 de magnifiques photos de cette danse. \u00bb<\/p>\n","protected":false},"excerpt":{"rendered":"La Lune avance doucement vers l\u2019antenne, elle remonte le pic jusqu\u2019\u00e0 ses 2\u00a0877 m\u00e8tres. 5, 4, 3, 2,&hellip;\n","protected":false},"author":2,"featured_media":330277,"comment_status":"","ping_status":"","sticky":false,"template":"","format":"standard","meta":{"footnotes":""},"categories":[1358],"tags":[1348,1384,1385,1386,58,59,1011,27],"class_list":{"0":"post-330276","1":"post","2":"type-post","3":"status-publish","4":"format-standard","5":"has-post-thumbnail","7":"category-arts-et-design","8":"tag-arts","9":"tag-arts-and-design","10":"tag-arts-et-design","11":"tag-design","12":"tag-divertissement","13":"tag-entertainment","14":"tag-fr","15":"tag-france"},"share_on_mastodon":{"url":"https:\/\/pubeurope.com\/@fr\/115057838133064769","error":""},"_links":{"self":[{"href":"https:\/\/www.europesays.com\/fr\/wp-json\/wp\/v2\/posts\/330276","targetHints":{"allow":["GET"]}}],"collection":[{"href":"https:\/\/www.europesays.com\/fr\/wp-json\/wp\/v2\/posts"}],"about":[{"href":"https:\/\/www.europesays.com\/fr\/wp-json\/wp\/v2\/types\/post"}],"author":[{"embeddable":true,"href":"https:\/\/www.europesays.com\/fr\/wp-json\/wp\/v2\/users\/2"}],"replies":[{"embeddable":true,"href":"https:\/\/www.europesays.com\/fr\/wp-json\/wp\/v2\/comments?post=330276"}],"version-history":[{"count":0,"href":"https:\/\/www.europesays.com\/fr\/wp-json\/wp\/v2\/posts\/330276\/revisions"}],"wp:featuredmedia":[{"embeddable":true,"href":"https:\/\/www.europesays.com\/fr\/wp-json\/wp\/v2\/media\/330277"}],"wp:attachment":[{"href":"https:\/\/www.europesays.com\/fr\/wp-json\/wp\/v2\/media?parent=330276"}],"wp:term":[{"taxonomy":"category","embeddable":true,"href":"https:\/\/www.europesays.com\/fr\/wp-json\/wp\/v2\/categories?post=330276"},{"taxonomy":"post_tag","embeddable":true,"href":"https:\/\/www.europesays.com\/fr\/wp-json\/wp\/v2\/tags?post=330276"}],"curies":[{"name":"wp","href":"https:\/\/api.w.org\/{rel}","templated":true}]}}