{"id":330278,"date":"2025-08-19T22:40:20","date_gmt":"2025-08-19T22:40:20","guid":{"rendered":"https:\/\/www.europesays.com\/fr\/330278\/"},"modified":"2025-08-19T22:40:20","modified_gmt":"2025-08-19T22:40:20","slug":"en-attente-dun-mecanisme-distinct-pour-lespace-culturel","status":"publish","type":"post","link":"https:\/\/www.europesays.com\/fr\/330278\/","title":{"rendered":"en attente d&rsquo;un m\u00e9canisme distinct pour l&rsquo;espace culturel"},"content":{"rendered":"<p style=\"text-align: justify;\"> <b>De nombreuses difficult\u00e9s<\/b><\/p>\n<p style=\"text-align: justify;\"> Durant son exploitation, la Rue des Livres de H\u00f4-Chi-Minh-Ville a connu \u00e0 plusieurs reprises une baisse de fr\u00e9quentation en raison de facteurs li\u00e9s aux activit\u00e9s professionnelles. Gr\u00e2ce \u00e0 des ajustements ponctuels, la fr\u00e9quentation a repris et augment\u00e9. Cependant, cette baisse d\u00e9passe les capacit\u00e9s de la Soci\u00e9t\u00e9 \u00e0 responsabilit\u00e9 limit\u00e9e de la Rue des Livres de H\u00f4-Chi-Minh-Ville (l&rsquo;unit\u00e9 charg\u00e9e de la gestion de la rue des livres) et constitue une menace s\u00e9rieuse pour le fonctionnement de ce lieu.<\/p>\n<p style=\"text-align: justify;\"> La raison en est venue \u00e0 la fermeture du parking situ\u00e9 sur le trottoir de la rue Hai Ba Trung (du d\u00e9but de la rue du Livre \u00e0 la rue Nguyen Du), autrefois r\u00e9serv\u00e9 aux lecteurs et touristes se rendant \u00e0 la rue du Livre de H\u00f4-Chi-Minh-Ville, suite \u00e0 l&rsquo;expansion de son activit\u00e9 par le propri\u00e9taire de la fa\u00e7ade. De ce fait, la rue du Livre de H\u00f4-Chi-Minh-Ville ne dispose plus d&rsquo;espace de stationnement d\u00e9di\u00e9 aux lecteurs.<\/p>\n<p style=\"text-align: justify;\"> Bien que nous ayons temporairement r\u00e9solu ce probl\u00e8me en conseillant aux lecteurs de garer leur v\u00e9hicule dans les parkings \u00e0 proximit\u00e9, s&rsquo;agissant d&rsquo;une zone centrale, les parkings sont souvent surcharg\u00e9s et acceptent rarement les v\u00e9hicules ext\u00e9rieurs. Certains parkings de centres commerciaux sont assez \u00e9loign\u00e9s, ce qui est tr\u00e8s g\u00eanant pour les lecteurs.<\/p>\n<p style=\"text-align: justify;\"> Les cons\u00e9quences de cette situation sont \u00e9videntes. Selon M. Le Hoang, directeur de la Soci\u00e9t\u00e9 \u00e0 responsabilit\u00e9 limit\u00e9e de la Rue du Livre de H\u00f4-Chi-Minh-Ville, la fr\u00e9quentation de la Rue du Livre a fortement diminu\u00e9 depuis la fermeture du parking le 1er ao\u00fbt. Concernant les activit\u00e9s culturelles telles que les lancements de livres, les \u00e9changes d&rsquo;auteurs et d&rsquo;\u0153uvres, les expositions, etc., la fr\u00e9quentation a diminu\u00e9 de moiti\u00e9.<\/p>\n<p style=\"text-align: justify;\"> \u00ab Nous avons soumis un rapport au Comit\u00e9 populaire de l&rsquo;arrondissement de Saigon, dans l&rsquo;espoir d&rsquo;obtenir l&rsquo;autorisation pour la rue du livre de Ho Chi Minh-Ville d&rsquo;am\u00e9nager un nouveau parking sur le trottoir de la rue Hai Ba Trung, l&#8217;emplacement s&rsquo;\u00e9tendant du coin de la rue Hai Ba Trung &#8211; rue Le Duan jusqu&rsquo;au d\u00e9but de la rue du livre &#8211; actuellement le mur de l&rsquo;agence T41 \u00bb, a d\u00e9clar\u00e9 M. Le Hoang. <\/p>\n<p><img loading=\"lazy\" decoding=\"async\" id=\"1531019\" alt=\"T6a.jpg\" data-width=\"4032\" data-height=\"3024\" data-image-id=\"1531019\" class=\"lazyload  cms-photo\" src=\"https:\/\/www.europesays.com\/fr\/wp-content\/uploads\/2025\/08\/t6a-9761-2070.jpg.webp.webp\" title=\"L'aire de jeux pour enfants de la rue des livres d'Ho Chi Minh-Ville pourrait devoir cesser ses activit\u00e9s\" width=\"1000\" height=\"750\"\/> L&rsquo;aire de jeux pour enfants de la rue des livres d&rsquo;Ho Chi Minh-Ville pourrait devoir cesser ses activit\u00e9s<\/p>\n<p style=\"text-align: justify;\"> Outre le probl\u00e8me de stationnement, les activit\u00e9s au sein de la Rue du Livre d&rsquo;H\u00f4-Chi-Minh-Ville sont \u00e9galement fortement impact\u00e9es par la mise en location de l&rsquo;espace donnant sur la rue par le <a class=\"data-link\" data-org-href=\"https:\/\/www.vietnam.vn\/category\/vnpost\" href=\"https:\/\/www.vietnam.vn\/category\/vnpost\" title=\"Bureau de poste\" target=\"_blank\" rel=\"nofollow noopener\">bureau de poste<\/a> d&rsquo;H\u00f4-Chi-Minh-Ville (l&rsquo;unit\u00e9 dont les locaux sont adjacents \u00e0 la rue du Livre). Si le projet de bureau de poste entre en service, plusieurs espaces typiques de la Rue du Livre d&rsquo;H\u00f4-Chi-Minh-Ville, tels que la zone de sc\u00e8ne B, l&rsquo;espace de lecture gratuite en langues \u00e9trang\u00e8res, l&rsquo;espace de pr\u00e9sentation des livres p\u00e9dagogiques et, surtout, l&rsquo;aire de jeux pour enfants, risquent de devoir fermer.<\/p>\n<p style=\"text-align: justify;\"> <b>Histoires de la rue des livres de Vung Tau<\/b><\/p>\n<p style=\"text-align: justify;\"> Jusqu&rsquo;\u00e0 pr\u00e9sent, nombreux sont ceux qui regrettent la fermeture de la rue des livres de Vung Tau en 2023, apr\u00e8s cinq ans de pilotage. Objectivement, la rue des livres de Vung Tau a de nombreux atouts pour se d\u00e9velopper\u00a0: son emplacement est consid\u00e9r\u00e9 comme le plus beau de tous les quartiers des livres du pays\u00a0; elle b\u00e9n\u00e9ficie de la participation d&rsquo;\u00e9diteurs de premier plan\u00a0; et d&rsquo;une client\u00e8le stable\u2026<\/p>\n<p style=\"text-align: justify;\"> Cependant, la rue des livres de Vung Tau a d\u00fb cesser ses activit\u00e9s apr\u00e8s cinq ans, car l&rsquo;entreprise \u00e9tait l&rsquo;investisseur et le projet de rue des livres ne figurait pas sur la liste des incitations \u00e0 l&rsquo;investissement. Elle a donc d\u00fb payer un loyer foncier. Le m\u00e9canisme juridique \u00e9tant flou, il n&rsquo;existe pas de politiques pr\u00e9f\u00e9rentielles pour les entreprises investissant dans le secteur culturel, ce qui limite l&rsquo;attraction et le r\u00e9investissement des unit\u00e9s. <\/p>\n<p><img loading=\"lazy\" decoding=\"async\" id=\"1531020\" alt=\"T1d.jpg\" data-width=\"2362\" data-height=\"1772\" data-image-id=\"1531020\" class=\"lazyload  cms-photo\" src=\"https:\/\/www.europesays.com\/fr\/wp-content\/uploads\/2025\/08\/t1d-5491-3977.jpg.webp.webp\" title=\"Lancement du livre photo du photographe Nguyen A \u00e0 la Book Street de H\u00f4-Chi-Minh-Ville\" width=\"1000\" height=\"750\"\/> Lancement du livre photo du photographe Nguyen A \u00e0 la Book Street de H\u00f4-Chi-Minh-Ville<\/p>\n<p style=\"text-align: justify;\"> Le probl\u00e8me de la rue des livres de H\u00f4-Chi-Minh-Ville ne r\u00e9side pas dans la perte de places de stationnement ni dans l&rsquo;impact sur l&rsquo;espace d&rsquo;exploitation. Si la rue des livres est consid\u00e9r\u00e9e comme une unit\u00e9 purement <a class=\"data-link\" data-org-href=\"https:\/\/www.vietnam.vn\/category\/kinh-te\" href=\"https:\/\/www.vietnam.vn\/category\/kinh-te\" title=\"\u00e9conomie\" target=\"_blank\" rel=\"nofollow noopener\">\u00e9conomique<\/a> , c&rsquo;est normal. Elle est un espace culturel important dans une ville civilis\u00e9e et moderne, contribuant au d\u00e9veloppement des connaissances et \u00e0 la diffusion de la culture de la lecture.<\/p>\n<p style=\"text-align: justify;\"> Dr. Quach Thu Nguyet, ancienne directrice de la maison d&rsquo;\u00e9dition Tre &#8211; ancienne directrice adjointe de la Ho Chi Minh City Book Street Company Limited, a d\u00e9clar\u00e9 : \u00ab \u00c0 mon avis, il faut un m\u00e9canisme sp\u00e9cifique pour le mod\u00e8le de la rue du livre de Ho Chi Minh-Ville en particulier et pour la rue du livre dans le pays en g\u00e9n\u00e9ral, comme la reconnaissance de la rue du livre comme un espace culturel public, une partie de l&rsquo;infrastructure culturelle urbaine \u00e9quivalente aux parcs, aux places, aux th\u00e9\u00e2tres&#8230;, \u00e0 partir de laquelle nous pouvons avoir les bonnes r\u00e9ponses \u00e0 la fonction et \u00e0 la valeur d&rsquo;un mod\u00e8le culturel qui contribue \u00e0 am\u00e9liorer les connaissances de la communaut\u00e9. \u00bb<\/p>\n<p style=\"text-align: justify;\"> D\u00e8s sa premi\u00e8re ann\u00e9e d&rsquo;exploitation, la Rue du Livre d&rsquo;H\u00f4-Chi-Minh-Ville a \u00e9t\u00e9 reconnue comme l&rsquo;un des 10 \u00e9v\u00e9nements les plus marquants de la ville. En 2024, elle a \u00e9t\u00e9 reconnue comme l&rsquo;une des 50 destinations <a class=\"data-link\" data-org-href=\"https:\/\/www.vietnam.vn\/du-lich\" href=\"https:\/\/www.vietnam.vn\/du-lich\" title=\"tourisme\" target=\"_blank\" rel=\"nofollow noopener\">touristiques<\/a> les plus attractives de H\u00f4-Chi-Minh-Ville et de 13 provinces et villes du delta du M\u00e9kong. Ce lieu accueille \u00e9galement r\u00e9guli\u00e8rement des \u00e9v\u00e9nements majeurs de la ville et du pays en g\u00e9n\u00e9ral, tels que la F\u00eate du Livre du T\u00eat et la Journ\u00e9e vietnamienne du livre et de la lecture.<\/p>\n<p> HO SON <\/p>\n<p class=\"mb-0\">Source : https:\/\/www.sggp.org.vn\/duong-sach-tphcm-cho-co-che-rieng-cho-khong-gian-van-hoa-post809207.html<\/p>\n","protected":false},"excerpt":{"rendered":"De nombreuses difficult\u00e9s Durant son exploitation, la Rue des Livres de H\u00f4-Chi-Minh-Ville a connu \u00e0 plusieurs reprises une&hellip;\n","protected":false},"author":2,"featured_media":330279,"comment_status":"","ping_status":"","sticky":false,"template":"","format":"standard","meta":{"footnotes":""},"categories":[1357],"tags":[1379,58,59,46789,1011,27,32344,1380,46788,16025,46790],"class_list":{"0":"post-330278","1":"post","2":"type-post","3":"status-publish","4":"format-standard","5":"has-post-thumbnail","7":"category-livres","8":"tag-books","9":"tag-divertissement","10":"tag-entertainment","11":"tag-espace-culturel","12":"tag-fr","13":"tag-france","14":"tag-lancement-du-livre","15":"tag-livres","16":"tag-mecanisme-special","17":"tag-parking","18":"tag-rue-du-livre-hcmc"},"share_on_mastodon":{"url":"https:\/\/pubeurope.com\/@fr\/115057840959579989","error":""},"_links":{"self":[{"href":"https:\/\/www.europesays.com\/fr\/wp-json\/wp\/v2\/posts\/330278","targetHints":{"allow":["GET"]}}],"collection":[{"href":"https:\/\/www.europesays.com\/fr\/wp-json\/wp\/v2\/posts"}],"about":[{"href":"https:\/\/www.europesays.com\/fr\/wp-json\/wp\/v2\/types\/post"}],"author":[{"embeddable":true,"href":"https:\/\/www.europesays.com\/fr\/wp-json\/wp\/v2\/users\/2"}],"replies":[{"embeddable":true,"href":"https:\/\/www.europesays.com\/fr\/wp-json\/wp\/v2\/comments?post=330278"}],"version-history":[{"count":0,"href":"https:\/\/www.europesays.com\/fr\/wp-json\/wp\/v2\/posts\/330278\/revisions"}],"wp:featuredmedia":[{"embeddable":true,"href":"https:\/\/www.europesays.com\/fr\/wp-json\/wp\/v2\/media\/330279"}],"wp:attachment":[{"href":"https:\/\/www.europesays.com\/fr\/wp-json\/wp\/v2\/media?parent=330278"}],"wp:term":[{"taxonomy":"category","embeddable":true,"href":"https:\/\/www.europesays.com\/fr\/wp-json\/wp\/v2\/categories?post=330278"},{"taxonomy":"post_tag","embeddable":true,"href":"https:\/\/www.europesays.com\/fr\/wp-json\/wp\/v2\/tags?post=330278"}],"curies":[{"name":"wp","href":"https:\/\/api.w.org\/{rel}","templated":true}]}}