{"id":330284,"date":"2025-08-19T22:43:12","date_gmt":"2025-08-19T22:43:12","guid":{"rendered":"https:\/\/www.europesays.com\/fr\/330284\/"},"modified":"2025-08-19T22:43:12","modified_gmt":"2025-08-19T22:43:12","slug":"le-biopic-smashing-machine-porte-par-dwayne-johnson-se-devoile-dans-une-bande-annonce-inedite","status":"publish","type":"post","link":"https:\/\/www.europesays.com\/fr\/330284\/","title":{"rendered":"Le biopic \u00ab\u00a0Smashing Machine\u00a0\u00bb, port\u00e9 par Dwayne Johnson, se d\u00e9voile dans une bande annonce in\u00e9dite"},"content":{"rendered":"<p>S\u00e9lectionn\u00e9 en comp\u00e9tition \u00e0 la Mostra de Venise, le biopic de Benny Safdie sur la l\u00e9gende du MMA Mark Kerr se r\u00e9v\u00e8le ce mardi dans un premier extrait engageant et myst\u00e9rieux \u00e0 souhait.<\/p>\n<p>Trente secondes rythm\u00e9es et r\u00e9tro. Dans un premier trailer in\u00e9dit diffus\u00e9 ce mardi, l&rsquo;incontournable <a href=\"https:\/\/www.bfmtv.com\/people\/cinema\/dwayne-johnson-est-l-acteur-le-mieux-paye-au-monde-en-2024_AN-202503010229.html\" title=\"Dwayne Johnson est l&#039;acteur le mieux pay\u00e9 au monde en 2024\" class=\"internal_link\" rel=\"nofollow noopener\" target=\"_blank\">Dwayne Johnson<\/a> prend les traits de la l\u00e9gende du MMA des ann\u00e9es 1990, <a href=\"https:\/\/www.bfmtv.com\/people\/cinema\/dwayne-johnson-va-incarner-le-champion-de-lutte-et-de-mma-mark-kerr-dans-un-biopic_AN-201911030004.html\" title=\"Dwayne Johnson va incarner le champion de lutte et de MMA Mark Kerr dans un biopic\" class=\"internal_link\" rel=\"nofollow noopener\" target=\"_blank\">Mark Kerr<\/a>, surnomm\u00e9 \u00ab\u00a0The Smashing Machine\u00a0\u00bb.<\/p>\n<p>Cheveux noirs sur le cr\u00e2ne, l&rsquo;acteur sautille, salue la foule, bombe le torse, ass\u00e8ne des coups, en prend, s&#8217;emporte. \u00c0 ses c\u00f4t\u00e9s, la com\u00e9dienne <a href=\"https:\/\/www.bfmtv.com\/people\/cinema\/cette-annee-je-ne-travaille-pas-emily-blunt-annonce-faire-une-pause-dans-sa-carriere_AN-202307120452.html\" title=\"&quot;Cette ann\u00e9e, je ne travaille pas&quot;: Emily Blunt annonce faire une pause dans sa carri\u00e8re\" class=\"internal_link\" rel=\"nofollow noopener\" target=\"_blank\">Emily Blunt<\/a> (qui tourne actuellement dans la suite du <a href=\"https:\/\/www.bfmtv.com\/people\/le-diable-s-habille-en-prada-2-les-premieres-images-d-anne-hathaway-sur-le-tournage_AN-202507220286.html\" title=\"&quot;Le Diable s\u2019habille en Prada 2&quot;: les premi\u00e8res images d&#039;Anne Hathaway sur le tournage\" class=\"internal_link\" rel=\"nofollow noopener\" target=\"_blank\">Diable s&rsquo;habille en Prada<\/a>), en brune, interpr\u00e8te sa femme, Dawn Staples. Le film retrace \u00e0 la fois la carri\u00e8re et les addictions du c\u00e9l\u00e8bre combattant.<\/p>\n<\/p>\n<p>S\u00e9lectionn\u00e9 en comp\u00e9tition officielle \u00e0 la Mostra de Venise, le biopic de Benny Safdie (qui a notamment sign\u00e9 avec son fr\u00e8re <a href=\"https:\/\/www.bfmtv.com\/people\/cinema\/la-bande-annonce-de-marty-supreme-avec-timothee-chalamet-en-maitre-du-ping-pong-devoilee_AN-202508140403.html\" title=\"La bande-annonce de &quot;Marty Supreme&quot; avec Timoth\u00e9e Chalamet en ma\u00eetre du ping-pong d\u00e9voil\u00e9e\" class=\"internal_link\" rel=\"nofollow noopener\" target=\"_blank\">Josh<\/a> les g\u00e9niaux Good Time et Uncut Gems), produit par A24 et distribu\u00e9 en France par Zinc, a tout pour triompher aux prochains Oscars. Il sortira en salles le 29 octobre 2025.<\/p>\n","protected":false},"excerpt":{"rendered":"S\u00e9lectionn\u00e9 en comp\u00e9tition \u00e0 la Mostra de Venise, le biopic de Benny Safdie sur la l\u00e9gende du MMA&hellip;\n","protected":false},"author":2,"featured_media":330285,"comment_status":"","ping_status":"","sticky":false,"template":"","format":"standard","meta":{"footnotes":""},"categories":[1354],"tags":[58,59,1346,1011,27,1360],"class_list":{"0":"post-330284","1":"post","2":"type-post","3":"status-publish","4":"format-standard","5":"has-post-thumbnail","7":"category-films","8":"tag-divertissement","9":"tag-entertainment","10":"tag-films","11":"tag-fr","12":"tag-france","13":"tag-movies"},"share_on_mastodon":{"url":"https:\/\/pubeurope.com\/@fr\/115057852625558559","error":""},"_links":{"self":[{"href":"https:\/\/www.europesays.com\/fr\/wp-json\/wp\/v2\/posts\/330284","targetHints":{"allow":["GET"]}}],"collection":[{"href":"https:\/\/www.europesays.com\/fr\/wp-json\/wp\/v2\/posts"}],"about":[{"href":"https:\/\/www.europesays.com\/fr\/wp-json\/wp\/v2\/types\/post"}],"author":[{"embeddable":true,"href":"https:\/\/www.europesays.com\/fr\/wp-json\/wp\/v2\/users\/2"}],"replies":[{"embeddable":true,"href":"https:\/\/www.europesays.com\/fr\/wp-json\/wp\/v2\/comments?post=330284"}],"version-history":[{"count":0,"href":"https:\/\/www.europesays.com\/fr\/wp-json\/wp\/v2\/posts\/330284\/revisions"}],"wp:featuredmedia":[{"embeddable":true,"href":"https:\/\/www.europesays.com\/fr\/wp-json\/wp\/v2\/media\/330285"}],"wp:attachment":[{"href":"https:\/\/www.europesays.com\/fr\/wp-json\/wp\/v2\/media?parent=330284"}],"wp:term":[{"taxonomy":"category","embeddable":true,"href":"https:\/\/www.europesays.com\/fr\/wp-json\/wp\/v2\/categories?post=330284"},{"taxonomy":"post_tag","embeddable":true,"href":"https:\/\/www.europesays.com\/fr\/wp-json\/wp\/v2\/tags?post=330284"}],"curies":[{"name":"wp","href":"https:\/\/api.w.org\/{rel}","templated":true}]}}