{"id":330286,"date":"2025-08-19T22:44:17","date_gmt":"2025-08-19T22:44:17","guid":{"rendered":"https:\/\/www.europesays.com\/fr\/330286\/"},"modified":"2025-08-19T22:44:17","modified_gmt":"2025-08-19T22:44:17","slug":"cet-hopital-prive-pres-de-cannes-ne-pourra-plus-proceder-a-des-operations-lourdes-en-cancerologie-une-petition-de-protestation-a-deja-recueilli-plus-de-800-signatures","status":"publish","type":"post","link":"https:\/\/www.europesays.com\/fr\/330286\/","title":{"rendered":"Cet h\u00f4pital priv\u00e9 pr\u00e8s de Cannes ne pourra plus proc\u00e9der \u00e0 des op\u00e9rations lourdes en canc\u00e9rologie: une p\u00e9tition de protestation a d\u00e9j\u00e0 recueilli plus de 800 signatures"},"content":{"rendered":"<p>La d\u00e9cision de l\u2019Agence R\u00e9gionale de Sant\u00e9 (ARS) fait bondir les patients et leurs proches. Dans le cadre de la r\u00e9forme nationale des autorisations d\u2019activit\u00e9 de soins, l\u2019h\u00f4pital priv\u00e9 Arnault Tzanck Mougins devra cesser, d\u2019ici le 31 ao\u00fbt, ses interventions de chirurgie complexe digestive, urologique et gyn\u00e9cologique.<\/p>\n<p>Une pratique assur\u00e9e sur place depuis plus de vingt ans par des praticiens experts.<\/p>\n<p><strong>Une r\u00e9forme qui inqui\u00e8te<\/strong><\/p>\n<p>D\u00e9sormais, les actes de chirurgie canc\u00e9rologique sont divis\u00e9s en deux cat\u00e9gories: la mention A (interventions standards) et la mention B (les op\u00e9rations les plus lourdes et techniques).<\/p>\n<p>Si l\u2019h\u00f4pital de Mougins conserve son agr\u00e9ment pour les chirurgies de la mention A, il perdra d\u2019ici quelques jours l\u2019autorisation de r\u00e9aliser celles de la mention B.<\/p>\n<p><strong>Une centaine d\u2019interventions complexes chaque ann\u00e9e<\/strong><\/p>\n<p>\u00ab\u00a0Sur l\u2019activit\u00e9 tr\u00e8s cons\u00e9quente de pr\u00e8s de 1.500 interventions annuelles de chirurgie du cancer \u2013 une des plus importantes de la r\u00e9gion Paca \u2013 plus d\u2019une centaine d\u2019interventions complexes sont r\u00e9alis\u00e9es par nos praticiens experts. Pour chaque personne touch\u00e9e, l\u2019enjeu est crucial: il s\u2019agit de chirurgies lourdes, parfois vitales, pour lesquelles l\u2019acc\u00e8s rapide et de proximit\u00e9, la comp\u00e9tence des \u00e9quipes m\u00e9dicales et la qualit\u00e9 du plateau technique sont d\u00e9terminants\u00a0\u00bb, souligne l\u2019\u00e9tablissement qui a d\u2019ores et d\u00e9j\u00e0 fait appel de cette d\u00e9cision.<\/p>\n<p><strong>D\u00e9j\u00e0 plus de 800 signataires pour la p\u00e9tition en ligne<\/strong><\/p>\n<p>Parall\u00e8lement, un collectif de patients a lanc\u00e9 une p\u00e9tition en ligne, qui a d\u00e9j\u00e0 r\u00e9colt\u00e9 plus de 800 signatures, et saisi le minist\u00e8re de la Sant\u00e9, estimant que \u00ab\u00a0priver les malades de ces prises en charge, c\u2019est r\u00e9duire leurs chances de gu\u00e9rison\u00a0\u00bb.<\/p>\n<p>Pour eux, les cons\u00e9quences d\u2019une telle r\u00e9forme seraient dramatiques: \u00ab\u00a0Op\u00e9r\u00e9e \u00e0 Tzanck pour un cancer du sein puis des ovaires, je peux t\u00e9moigner du tr\u00e8s grand professionnalisme des \u00e9quipes. Il faut imp\u00e9rativement maintenir ces activit\u00e9s \u00e0 proximit\u00e9\u00a0\u00bb, plaide Catherine.<\/p>\n<p><strong>\u00ab\u00a0Une d\u00e9cision technocratique idiote\u00a0\u00bb<\/strong><\/p>\n<p>\u00ab\u00a0Obliger les patients et les proches \u00e0 aller sur Nice ou Marseille alors que tout sur place est fait pour que tout se passe bien est une ineptie sans nom; faut-il y voir une volont\u00e9 h\u00e9g\u00e9monique des futures structures d\u2019accueil? Ces derni\u00e8res seront-elles en mesure d\u2019assurer ces lourdes chirurgies? Ont-elles recrut\u00e9 dans ce sens: secr\u00e9taires, infirmi\u00e8res, m\u00e9decins? Quels seront leurs d\u00e9lais de prise en charge? C\u2019est une d\u00e9cision technocratique idiote\u00a0\u00bb, s\u2019indigne Philippe.<\/p>\n<p>\u00ab\u00a0Contraindre des patients atteints de cancers lourds \u00e0 aller jusqu\u2019\u00e0 Nice, sans penser \u00e0 leur d\u00e9tresse, c\u2019est inhumain\u00a0\u00bb, d\u00e9plore une autre signataire.<\/p>\n<p>Outre le stress des malades, les usagers redoutent \u00e9galement des d\u00e9lais plus longs, une rupture dans la continuit\u00e9 des soins, et un surco\u00fbt li\u00e9 aux transports sanitaires.<\/p>\n<p>Contact\u00e9e ce lundi, l\u2019ARS n\u2019a pas \u00e9t\u00e9 en mesure de r\u00e9pondre dans l\u2019imm\u00e9diat, mais devrait s\u2019exprimer prochainement sur ce dossier.<\/p>\n","protected":false},"excerpt":{"rendered":"La d\u00e9cision de l\u2019Agence R\u00e9gionale de Sant\u00e9 (ARS) fait bondir les patients et leurs proches. Dans le cadre&hellip;\n","protected":false},"author":2,"featured_media":330287,"comment_status":"","ping_status":"","sticky":false,"template":"","format":"standard","meta":{"footnotes":""},"categories":[10],"tags":[1011,27,72,71],"class_list":{"0":"post-330286","1":"post","2":"type-post","3":"status-publish","4":"format-standard","5":"has-post-thumbnail","7":"category-sante","8":"tag-fr","9":"tag-france","10":"tag-health","11":"tag-sante"},"share_on_mastodon":{"url":"https:\/\/pubeurope.com\/@fr\/115057856641579186","error":""},"_links":{"self":[{"href":"https:\/\/www.europesays.com\/fr\/wp-json\/wp\/v2\/posts\/330286","targetHints":{"allow":["GET"]}}],"collection":[{"href":"https:\/\/www.europesays.com\/fr\/wp-json\/wp\/v2\/posts"}],"about":[{"href":"https:\/\/www.europesays.com\/fr\/wp-json\/wp\/v2\/types\/post"}],"author":[{"embeddable":true,"href":"https:\/\/www.europesays.com\/fr\/wp-json\/wp\/v2\/users\/2"}],"replies":[{"embeddable":true,"href":"https:\/\/www.europesays.com\/fr\/wp-json\/wp\/v2\/comments?post=330286"}],"version-history":[{"count":0,"href":"https:\/\/www.europesays.com\/fr\/wp-json\/wp\/v2\/posts\/330286\/revisions"}],"wp:featuredmedia":[{"embeddable":true,"href":"https:\/\/www.europesays.com\/fr\/wp-json\/wp\/v2\/media\/330287"}],"wp:attachment":[{"href":"https:\/\/www.europesays.com\/fr\/wp-json\/wp\/v2\/media?parent=330286"}],"wp:term":[{"taxonomy":"category","embeddable":true,"href":"https:\/\/www.europesays.com\/fr\/wp-json\/wp\/v2\/categories?post=330286"},{"taxonomy":"post_tag","embeddable":true,"href":"https:\/\/www.europesays.com\/fr\/wp-json\/wp\/v2\/tags?post=330286"}],"curies":[{"name":"wp","href":"https:\/\/api.w.org\/{rel}","templated":true}]}}