{"id":330292,"date":"2025-08-19T22:47:15","date_gmt":"2025-08-19T22:47:15","guid":{"rendered":"https:\/\/www.europesays.com\/fr\/330292\/"},"modified":"2025-08-19T22:47:15","modified_gmt":"2025-08-19T22:47:15","slug":"le-pdf-navait-pas-change-depuis-30-ans-lia-generative-vient-tout-bouleverser","status":"publish","type":"post","link":"https:\/\/www.europesays.com\/fr\/330292\/","title":{"rendered":"Le PDF n\u2019avait pas chang\u00e9 depuis 30 ans : l\u2019IA g\u00e9n\u00e9rative vient tout bouleverser"},"content":{"rendered":"<p class=\"ed__a-p ed__bdy__l\">Le PDF est relook\u00e9 gr\u00e2ce \u00e0 l\u2019IA et Acrobat Studio. D\u00e9j\u00e0 disponible, l\u2019outil est cens\u00e9 rendre vos donn\u00e9es plus faciles \u00e0 utiliser, \u00e0 modifier et plus accessibles\u202f.<\/p>\n<p>            Publicit\u00e9, votre contenu continue ci-dessous<\/p>\n<p>        Publicit\u00e9<\/p>\n<p class=\"ed__a-p ed__bdy__l\">Il centralise tous types de contenus (documents PDF, articles en ligne, vid\u00e9os, notes ou rapports) pour qu&rsquo;ils soient facilement consultables et exploitables. Avec une interface conversationnelle aliment\u00e9e par l\u2019IA, les utilisateurs peuvent poser des questions, obtenir des r\u00e9sum\u00e9s, croiser les informations et extraire des insights provenant de plusieurs sources.<\/p>\n<p class=\"ed__a-p ed__bdy__l\">Ces documents peuvent ensuite \u00eatre partag\u00e9s et offrir,<a href=\"https:\/\/www.lesnumeriques.com\/societe-numerique\/comment-remplir-des-pdf-depuis-macos-windows-android-et-ios-a213344.html\" title=\"Comment remplir des PDF depuis macOS, Windows, Android et iOS\" target=\"_blank\" rel=\"noopener\">non seulement le document final<\/a>, mais aussi l\u2019acc\u00e8s \u00e0 l\u2019ensemble des documents de recherche et des sources utilis\u00e9es, pour faciliter la collaboration et la transparence. Diff\u00e9rents types d\u2019assistants seront disponibles, comme des mod\u00e8les analystes, commerciaux ou formateurs, chacun pouvant s\u2019adapter aux besoins de l\u2019utilisateur.<\/p>\n<p>L&rsquo;IA arrive sur les PDF<\/p>\n<p class=\"ed__a-p ed__bdy__l\">Comme on vous le disait, tout sera rassembl\u00e9 au m\u00eame endroit : vos PDF et  le nouvel assistant IA capable de synth\u00e9tiser des informations, de donner des recommandations et m\u00eame de convertir vos contenus en infographies ou posts pour les r\u00e9seaux sociaux, sans quitter le studio.<\/p>\n<p class=\"ed__a-p ed__bdy__l\">D\u2019ailleurs, Acrobat Studio int\u00e8gre Adobe Express, <a href=\"https:\/\/www.lesnumeriques.com\/appli-logiciel\/adobe-photoshop-debarque-enfin-sur-mobile-mais-pas-encore-pour-tous-n233529.html\" title=\"Adobe Photoshop d\u00e9barque enfin sur mobile, mais pas encore pour tous\" target=\"_blank\" rel=\"noopener\">l\u2019outil de cr\u00e9ation graphique simplifi\u00e9 d\u2019Adobe<\/a>, permettant aux utilisateurs de transformer facilement leurs recherches et brouillons en contenus visuels. Gr\u00e2ce \u00e0 des milliers de mod\u00e8les et \u00e0 des fonctionnalit\u00e9s d\u2019IA g\u00e9n\u00e9rative, il est possible de g\u00e9rer la mise en page, l\u2019habillage graphique ou l\u2019int\u00e9gration d\u2019images pour produire rapidement des documents structur\u00e9s.<\/p>\n<p class=\"ed__a-p ed__bdy__l\">Pour les utilisateurs de longue date, Acrobat Studio conservera toutes les fonctions classiques d\u2019Acrobat Pro, comme la cr\u00e9ation, l\u2019\u00e9dition, l\u2019annotation, l\u2019organisation et le partage de PDF.<\/p>\n<p>La fiabilit\u00e9 malgr\u00e9 l&rsquo;IA<\/p>\n<p class=\"ed__a-p ed__bdy__l\">Adobe a particuli\u00e8rement fait attention \u00e0 la fiabilit\u00e9 de ses informations. Pour rendre l\u2019assistant IA d\u2019Acrobat fiable, le groupe a con\u00e7u une technologie capable d\u2019analyser en profondeur le contenu de n\u2019importe quel PDF, tout en associant chaque r\u00e9ponse \u00e0 l\u2019extrait exact du document sur lequel elle se base.<\/p>\n<p class=\"ed__a-p ed__bdy__l\">Comme le souligne Abhigyan Modi : \u00ab\u00a0Le probl\u00e8me vient du fait que les LLMs (mod\u00e8les de langage \u00e0 grande \u00e9chelle) fonctionnent bien quand ils ont lu le monde entier\u2026 Mais quand vous leur donnez un seul document, ils n\u2019ont qu\u2019une source. Ils ne disent presque jamais \u201cje ne sais pas\u201d\u00a0\u00bb. Avec ce m\u00e9canisme, l\u2019utilisateur peut v\u00e9rifier l\u2019exactitude des r\u00e9ponses et comprendre le contexte pr\u00e9cis de l\u2019information donn\u00e9e.<\/p>\n","protected":false},"excerpt":{"rendered":"Le PDF est relook\u00e9 gr\u00e2ce \u00e0 l\u2019IA et Acrobat Studio. D\u00e9j\u00e0 disponible, l\u2019outil est cens\u00e9 rendre vos donn\u00e9es&hellip;\n","protected":false},"author":2,"featured_media":330293,"comment_status":"","ping_status":"","sticky":false,"template":"","format":"standard","meta":{"footnotes":""},"categories":[7],"tags":[1011,27,43,40,41,39,42,44],"class_list":{"0":"post-330292","1":"post","2":"type-post","3":"status-publish","4":"format-standard","5":"has-post-thumbnail","7":"category-sciences-et-technologies","8":"tag-fr","9":"tag-france","10":"tag-science","11":"tag-science-and-technology","12":"tag-sciences","13":"tag-sciences-et-technologies","14":"tag-technologies","15":"tag-technology"},"share_on_mastodon":{"url":"https:\/\/pubeurope.com\/@fr\/115057868411600478","error":""},"_links":{"self":[{"href":"https:\/\/www.europesays.com\/fr\/wp-json\/wp\/v2\/posts\/330292","targetHints":{"allow":["GET"]}}],"collection":[{"href":"https:\/\/www.europesays.com\/fr\/wp-json\/wp\/v2\/posts"}],"about":[{"href":"https:\/\/www.europesays.com\/fr\/wp-json\/wp\/v2\/types\/post"}],"author":[{"embeddable":true,"href":"https:\/\/www.europesays.com\/fr\/wp-json\/wp\/v2\/users\/2"}],"replies":[{"embeddable":true,"href":"https:\/\/www.europesays.com\/fr\/wp-json\/wp\/v2\/comments?post=330292"}],"version-history":[{"count":0,"href":"https:\/\/www.europesays.com\/fr\/wp-json\/wp\/v2\/posts\/330292\/revisions"}],"wp:featuredmedia":[{"embeddable":true,"href":"https:\/\/www.europesays.com\/fr\/wp-json\/wp\/v2\/media\/330293"}],"wp:attachment":[{"href":"https:\/\/www.europesays.com\/fr\/wp-json\/wp\/v2\/media?parent=330292"}],"wp:term":[{"taxonomy":"category","embeddable":true,"href":"https:\/\/www.europesays.com\/fr\/wp-json\/wp\/v2\/categories?post=330292"},{"taxonomy":"post_tag","embeddable":true,"href":"https:\/\/www.europesays.com\/fr\/wp-json\/wp\/v2\/tags?post=330292"}],"curies":[{"name":"wp","href":"https:\/\/api.w.org\/{rel}","templated":true}]}}