{"id":330294,"date":"2025-08-19T22:48:12","date_gmt":"2025-08-19T22:48:12","guid":{"rendered":"https:\/\/www.europesays.com\/fr\/330294\/"},"modified":"2025-08-19T22:48:12","modified_gmt":"2025-08-19T22:48:12","slug":"le-reve-de-collection-vire-au-cauchemar","status":"publish","type":"post","link":"https:\/\/www.europesays.com\/fr\/330294\/","title":{"rendered":"le r\u00eave de collection vire au cauchemar"},"content":{"rendered":"<p class=\"p1\">La d\u00e9sillusion arrive d\u00e8s le premier pon\u00e7age chez un carrossier. Sous la peinture, deux centim\u00e8tres de mastic recouvrent des ailes rong\u00e9es par la rouille. Les bas de caisse ont \u00e9t\u00e9 retouch\u00e9s avec de la t\u00f4le de fortune, et le ch\u00e2ssis pr\u00e9sente des trous&#8230; colmat\u00e9s au carton. \u00ab La voiture \u00e9tait compl\u00e8tement maquill\u00e9e \u00bb, r\u00e9sume Jacques \u00e0 <a href=\"https:\/\/www.lefigaro.fr\/automobile\/il-achete-une-jaguar-mk2-de-1962-a-un-particulier-et-decouvre-des-trous-bouches-avec-du-carton-dans-le-chassis-20250818\" rel=\"nofollow noopener\" target=\"_blank\">Le Figaro<\/a>, stup\u00e9fait.<\/p>\n<p>Un contr\u00f4le technique qui interroge<\/p>\n<p class=\"p1\">Comment un tel \u00e9tat a-t-il pu passer au travers du contr\u00f4le technique ? L\u2019Ard\u00e9chois soup\u00e7onne un faux examen : \u00ab Le contr\u00f4leur a d\u00fb se contenter d\u2019un ch\u00e8que \u00bb, avance-t-il. Selon lui, la pr\u00e9sence de Blackson aurait d\u00fb \u00eatre signal\u00e9e, puisqu\u2019elle emp\u00eache d\u2019examiner le ch\u00e2ssis. Or, aucune mention n\u2019appara\u00eet sur le rapport.<\/p>\n<p>Une affaire devant la justice<\/p>\n<p class=\"p1\">Le vendeur, contact\u00e9, nie toute tromperie. Jacques a donc engag\u00e9 une proc\u00e9dure pour vice cach\u00e9 devant le tribunal de Versailles. Il r\u00e9clame l\u2019annulation de la vente et le remboursement de l\u2019ensemble de ses frais. Mais le dossier pourrait s\u2019\u00e9tirer sur six \u00e0 sept ans. En attendant, la Jaguar reste immobilis\u00e9e dans un garage, inutilisable.<\/p>\n<p class=\"p1\">Avec du recul, Jacques reconna\u00eet avoir \u00e9t\u00e9 trop confiant : \u00ab Tout \u00e9tait r\u00e9uni pour se faire enfler. Le contr\u00f4le technique vierge, un vendeur pr\u00e9sentable, la voiture qui brillait&#8230; La mari\u00e9e \u00e9tait trop belle. \u00bb Son conseil d\u00e9sormais : toujours faire expertiser un v\u00e9hicule par un professionnel ind\u00e9pendant avant de signer.<\/p>\n<p>Partagez cette info avec vos amis et vos proches en cliquant ici<br \/>Une Jaguar MK2 maquill\u00e9e au carton : le r\u00eave de collection vire au cauchemar<\/p>\n<p>En ao\u00fbt 2021, Jacques, collectionneur ard\u00e9chois de voitures anciennes, pensait r\u00e9aliser une belle affaire. \u00c0 500 km de chez lui, il d\u00e9couvre une Jaguar MK2 de 1962 affich\u00e9e \u00e0 34 000 euros. L\u00e9 v\u00e9hicule semble impeccable, pot et disques de frein neufs, r\u00e9servoir remplac\u00e9, contr\u00f4le technique \u00ab vierge \u00bb. Apr\u00e8s avoir n\u00e9goci\u00e9 une remise de 5 000 euros, il repart avec pour 29 000 euros.<\/p>\n<p> <img decoding=\"async\" width=\"76\" height=\"76\" loading=\"lazy\" src=\"https:\/\/www.europesays.com\/fr\/wp-content\/uploads\/2025\/04\/avatar-autonews.png\" alt=\"Mathis Poirot\"\/><\/p>\n","protected":false},"excerpt":{"rendered":"La d\u00e9sillusion arrive d\u00e8s le premier pon\u00e7age chez un carrossier. Sous la peinture, deux centim\u00e8tres de mastic recouvrent&hellip;\n","protected":false},"author":2,"featured_media":330295,"comment_status":"","ping_status":"","sticky":false,"template":"","format":"standard","meta":{"footnotes":""},"categories":[6],"tags":[35,33,34,1011,27],"class_list":{"0":"post-330294","1":"post","2":"type-post","3":"status-publish","4":"format-standard","5":"has-post-thumbnail","7":"category-economie","8":"tag-business","9":"tag-economie","10":"tag-economy","11":"tag-fr","12":"tag-france"},"share_on_mastodon":{"url":"https:\/\/pubeurope.com\/@fr\/115057872644449117","error":""},"_links":{"self":[{"href":"https:\/\/www.europesays.com\/fr\/wp-json\/wp\/v2\/posts\/330294","targetHints":{"allow":["GET"]}}],"collection":[{"href":"https:\/\/www.europesays.com\/fr\/wp-json\/wp\/v2\/posts"}],"about":[{"href":"https:\/\/www.europesays.com\/fr\/wp-json\/wp\/v2\/types\/post"}],"author":[{"embeddable":true,"href":"https:\/\/www.europesays.com\/fr\/wp-json\/wp\/v2\/users\/2"}],"replies":[{"embeddable":true,"href":"https:\/\/www.europesays.com\/fr\/wp-json\/wp\/v2\/comments?post=330294"}],"version-history":[{"count":0,"href":"https:\/\/www.europesays.com\/fr\/wp-json\/wp\/v2\/posts\/330294\/revisions"}],"wp:featuredmedia":[{"embeddable":true,"href":"https:\/\/www.europesays.com\/fr\/wp-json\/wp\/v2\/media\/330295"}],"wp:attachment":[{"href":"https:\/\/www.europesays.com\/fr\/wp-json\/wp\/v2\/media?parent=330294"}],"wp:term":[{"taxonomy":"category","embeddable":true,"href":"https:\/\/www.europesays.com\/fr\/wp-json\/wp\/v2\/categories?post=330294"},{"taxonomy":"post_tag","embeddable":true,"href":"https:\/\/www.europesays.com\/fr\/wp-json\/wp\/v2\/tags?post=330294"}],"curies":[{"name":"wp","href":"https:\/\/api.w.org\/{rel}","templated":true}]}}