{"id":330296,"date":"2025-08-19T22:49:10","date_gmt":"2025-08-19T22:49:10","guid":{"rendered":"https:\/\/www.europesays.com\/fr\/330296\/"},"modified":"2025-08-19T22:49:10","modified_gmt":"2025-08-19T22:49:10","slug":"six-tetes-humaines-trouvees-sur-une-route","status":"publish","type":"post","link":"https:\/\/www.europesays.com\/fr\/330296\/","title":{"rendered":"six t\u00eates humaines trouv\u00e9es sur une route"},"content":{"rendered":"<p>Cette d\u00e9couverte macabre est une premi\u00e8re dans cette r\u00e9gion du Mexique, sur une route du centre du pays reliant les \u00c9tats de Puebla et Tlaxcala.<\/p>\n<p class=\"fig-paragraph\">Six t\u00eates humaines ont \u00e9t\u00e9 d\u00e9couvertes ce mardi sur une route reliant les \u00c9tats de Puebla et Tlaxcala, dans le centre du\u00a0<a href=\"http:\/\/www.lefigaro.fr\/flash-eco\/le-mexique-denonce-l-appropriation-culturelle-d-adidas-et-reclame-un-dedommagement-20250808\" target=\"_blank\" data-fig-type=\"NewsFlash\" rel=\"noopener nofollow\" data-gtm-custom-categorie=\"navigation\" data-gtm-custom-action=\"crossclick\" data-gtm-custom-label=\"Contextuel\" data-gtm-event=\"customEventSPE\" data-fig-domain=\"LEFIGARO\">Mexique<\/a>, a annonc\u00e9 le parquet. Cette d\u00e9couverte, sans pr\u00e9c\u00e9dent dans cette r\u00e9gion du Mexique, a \u00e9t\u00e9 signal\u00e9e par des automobilistes puis confirm\u00e9e par le parquet de Tlaxcala, o\u00f9 se trouvaient les restes humains.<\/p>\n<p class=\"fig-paragraph\">Un autre cr\u00e2ne et des restes humains ont par ailleurs \u00e9t\u00e9 retrouv\u00e9s dans la ville de Colima (ouest), ont indiqu\u00e9 mardi des sources polici\u00e8res cit\u00e9es par des m\u00e9dias locaux. Les t\u00eates retrouv\u00e9es \u00e0 Tlaxcala appartiennent \u00e0 six hommes, a pr\u00e9cis\u00e9 le parquet sur les r\u00e9seaux sociaux, une enqu\u00eate a \u00e9t\u00e9 ouverte. Selon les m\u00e9dias locaux, un texte retrouv\u00e9 sur place revendique un r\u00e8glement de comptes entre bandes rivales sp\u00e9cialis\u00e9es dans le vol de gaz.<\/p>\n<p>                                    <a class=\"fig-a11y-skip a11y-hidden\" href=\"#fig-a11y-skip-main-inarticle\"><br \/>\n        Passer la publicit\u00e9<br \/>\n    <\/a><\/p>\n<p>R\u00e9gion exempt\u00e9e de violence jusqu\u2019ici<\/p>\n<p class=\"fig-paragraph\">Si des bandes criminelles op\u00e9rant dans le trafic de drogues et de combustibles ont \u00e9t\u00e9 d\u00e9nonc\u00e9es dans les \u00c9tats de Puebla et de Tlaxcala, cette r\u00e9gion du Mexique avait jusqu\u2019\u00e0 pr\u00e9sent \u00e9t\u00e9 exempt\u00e9e de ce type de violence plus fr\u00e9quente depuis plus de dix ans dans les \u00c9tats du nord et de la c\u00f4te Pacifique du Mexique o\u00f9 op\u00e8rent des groupes de narcotrafiquants.<\/p>\n<p class=\"fig-paragraph\">Le 30 juin dernier, sur une route de Sinaloa (nord-ouest), 20 cadavres ont \u00e9t\u00e9 retrouv\u00e9s, dont cinq d\u00e9capit\u00e9s. Depuis le lancement controvers\u00e9 de la guerre contre le narcotrafic en 2006, le Mexique a enregistr\u00e9 plus de 450.000 homicides et 100.000 disparitions, selon les chiffres officiels.<\/p>\n","protected":false},"excerpt":{"rendered":"Cette d\u00e9couverte macabre est une premi\u00e8re dans cette r\u00e9gion du Mexique, sur une route du centre du pays&hellip;\n","protected":false},"author":2,"featured_media":330297,"comment_status":"","ping_status":"","sticky":false,"template":"","format":"standard","meta":{"footnotes":""},"categories":[5],"tags":[11,1011,27,14,5697,12,28],"class_list":{"0":"post-330296","1":"post","2":"type-post","3":"status-publish","4":"format-standard","5":"has-post-thumbnail","7":"category-international","8":"tag-actualites","9":"tag-fr","10":"tag-france","11":"tag-international","12":"tag-mexique","13":"tag-news","14":"tag-world"},"share_on_mastodon":{"url":"https:\/\/pubeurope.com\/@fr\/115057876322424416","error":""},"_links":{"self":[{"href":"https:\/\/www.europesays.com\/fr\/wp-json\/wp\/v2\/posts\/330296","targetHints":{"allow":["GET"]}}],"collection":[{"href":"https:\/\/www.europesays.com\/fr\/wp-json\/wp\/v2\/posts"}],"about":[{"href":"https:\/\/www.europesays.com\/fr\/wp-json\/wp\/v2\/types\/post"}],"author":[{"embeddable":true,"href":"https:\/\/www.europesays.com\/fr\/wp-json\/wp\/v2\/users\/2"}],"replies":[{"embeddable":true,"href":"https:\/\/www.europesays.com\/fr\/wp-json\/wp\/v2\/comments?post=330296"}],"version-history":[{"count":0,"href":"https:\/\/www.europesays.com\/fr\/wp-json\/wp\/v2\/posts\/330296\/revisions"}],"wp:featuredmedia":[{"embeddable":true,"href":"https:\/\/www.europesays.com\/fr\/wp-json\/wp\/v2\/media\/330297"}],"wp:attachment":[{"href":"https:\/\/www.europesays.com\/fr\/wp-json\/wp\/v2\/media?parent=330296"}],"wp:term":[{"taxonomy":"category","embeddable":true,"href":"https:\/\/www.europesays.com\/fr\/wp-json\/wp\/v2\/categories?post=330296"},{"taxonomy":"post_tag","embeddable":true,"href":"https:\/\/www.europesays.com\/fr\/wp-json\/wp\/v2\/tags?post=330296"}],"curies":[{"name":"wp","href":"https:\/\/api.w.org\/{rel}","templated":true}]}}