{"id":330298,"date":"2025-08-19T22:50:18","date_gmt":"2025-08-19T22:50:18","guid":{"rendered":"https:\/\/www.europesays.com\/fr\/330298\/"},"modified":"2025-08-19T22:50:18","modified_gmt":"2025-08-19T22:50:18","slug":"les-images-des-orages-diluviens-dans-les-cotes-darmor-une-maison-foudroyee-et-des-inondations","status":"publish","type":"post","link":"https:\/\/www.europesays.com\/fr\/330298\/","title":{"rendered":"Les images des orages diluviens dans les C\u00f4tes-d\u2019Armor, une maison foudroy\u00e9e et des inondations"},"content":{"rendered":"<p>        <img decoding=\"async\" loading=\"lazy\" src=\"https:\/\/www.europesays.com\/fr\/wp-content\/uploads\/2025\/07\/54a5078_upload-1-bbwzqwnjzfqr-afp-20241017-36ka9u8-v2-midres-franceweatherflood.jpg\"  width=\"728\" height=\"409\" alt=\"L\u2019H\u00e9rault, le Gard, la Loz\u00e8re et les C\u00f4tes d\u2019Armor ont \u00e9t\u00e9 plac\u00e9s ce mardi 19\u00a0ao\u00fbt en vigilance orange pour\u00a0orages, pluies et inondation. (Photo d\u2019illustration)\"\/>  <\/p>\n<p>JOEL SAGET \/ AFP<\/p>\n<p>L\u2019H\u00e9rault, le Gard, la Loz\u00e8re et les C\u00f4tes d\u2019Armor ont \u00e9t\u00e9 plac\u00e9s ce mardi 19\u00a0ao\u00fbt en vigilance orange pour\u00a0orages, pluies et inondation. (Photo d\u2019illustration)<\/p>\n<p class=\"asset asset-text\">M\u00c9T\u00c9O &#8211; Un d\u00e9luge estival. L\u2019H\u00e9rault, le Gard, la Loz\u00e8re et les <a href=\"https:\/\/www.huffingtonpost.fr\/france\/video\/la-france-moche-saint-brieuc-la-ville-ou-on-est-alle-trop-loin-avec-les-zone-commerciales_246160.html\" rel=\"nofollow noopener\" target=\"_blank\">C\u00f4tes-d\u2019Armor<\/a> ont \u00e9t\u00e9 plac\u00e9s ce mardi 19\u00a0ao\u00fbt en vigilance orange pour<a href=\"https:\/\/www.huffingtonpost.fr\/france\/article\/meteo-apres-la-canicule-une-vigilance-orange-en-remplace-une-autre-ce-mardi-19-aout-clx1_253734.html\" rel=\"nofollow noopener\" target=\"_blank\">\u00a0orages<\/a>, pluies et inondations juste apr\u00e8s l\u2019\u00e9pisode caniculaire, avait indiqu\u00e9 en d\u00e9but d\u2019apr\u00e8s-midi M\u00e9t\u00e9o France. Les intemp\u00e9ries ont bien eu lieu et sur les c\u00f4tes bretonnes, un orage stationnaire a fait de nombreux d\u00e9g\u00e2ts.<\/p>\n<p class=\"asset asset-text\">Dans l\u2019ouest de la Bretagne, l\u2019\u00e9pisode pluvio-orageux a d\u00e9but\u00e9 en milieu de journ\u00e9e dans les C\u00f4tes-d\u2019Armor avec 40\u00a0mm de pr\u00e9cipitations tomb\u00e9s dans le sud du d\u00e9partement et jusqu\u2019\u00e0 80\u00a0mm estim\u00e9s avec les radars m\u00e9t\u00e9orologiques. \u00ab\u00a0Localement, il est m\u00eame tomb\u00e9 plus de 100 litres d\u2019eau par m\u00b2 sur le secteur de Plaintel\u00a0\u00bb, souligne <a href=\"https:\/\/www.bfmtv.com\/meteo\/video-vigilance-orange-orage-on-a-vu-une-boule-de-feu-s-ecraser-sur-cette-toiture-temoigne-denis-veyreunes-maire-de-sanilhac-sagries_VN-202508190518.html\" target=\"_blank\" rel=\"noopener nofollow\" title=\"Nouvelle fen\u00eatre\">BFMTV.<\/a> Concr\u00e8tement, il est tomb\u00e9 l\u2019\u00e9quivalent deux mois de pluie en 24\u00a0heures dans ce d\u00e9partement, repass\u00e9 en vigilance jaune \u00e0 18\u00a0h.<\/p>\n<p class=\"asset asset-text\">Outre la pluie, les orages ont g\u00e9n\u00e9r\u00e9 de puissants \u00e9clairs, avec \u00ab\u00a0700 impacts de foudre\u00a0\u00bb sur le d\u00e9partement, pr\u00e9cise le m\u00e9t\u00e9orologue Steven Tual, cit\u00e9 par nos confr\u00e8res. \u00ab\u00a0L\u2019activit\u00e9 \u00e9lectrique associ\u00e9e a \u00e9t\u00e9 atypique, avec une fr\u00e9quence anormalement \u00e9lev\u00e9e d\u2019impacts de foudre n\u00e9gatifs de tr\u00e8s forte puissance\u00a0\u00bb, ajoute l\u2019observatoire Keraunos, sur X (ex-Twitter).<\/p>\n<p>    Une maison foudroy\u00e9e plusieurs fois    <\/p>\n<p class=\"asset asset-text\">Dans le village de Ploeuc-L\u2019Hermitage, au sud de Saint-Brieuc, une maison a \u00e9t\u00e9 frapp\u00e9e par plusieurs impacts de foudre, rapporte <a href=\"https:\/\/www.franceinfo.fr\/environnement\/evenements-meteorologiques-extremes\/orages\/violents-orages-dans-les-cotes-d-armor-une-maison-foudroyee-a-plusieurs-reprises_7443682.html\" target=\"_blank\" rel=\"noopener nofollow\" title=\"Nouvelle fen\u00eatre\">franceinfo<\/a>. \u00ab\u00a0J\u2019ai perdu toute ma vie ici. Les photos de mes enfants, ils \u00e9taient petits, mais aussi des papiers pour moi plus tard, pour la retraite, pour ce genre de choses. Je crois toujours que \u00e7a n\u2019arrive qu\u2019aux autres et finalement, un jour ou l\u2019autre, \u00e7a nous arrive\u00a0\u00bb, a confi\u00e9 un habitant sinistr\u00e9 au m\u00e9dia.<\/p>\n<p class=\"asset asset-text\">\u00c0 quelques kilom\u00e8tres plus loin, \u00e0 Loud\u00e9ac, les vid\u00e9os montrent de \u00ab\u00a0forts ruissellements et quelques inondations\u00a0\u00bb, rel\u00e8ve le m\u00e9t\u00e9orologue Steven Tual. Dans cette commune, il a plu \u00ab\u00a0pendant trois heures entre 10\u00a0h du matin et 13\u00a0h\u00a0\u00bb, note le journal local <a href=\"https:\/\/www.letelegramme.fr\/cotes-d-armor\/maisons-foudroyees-routes-inondees-coupures-de-courant-un-violent-orage-sest-abattu-sur-les-cotes-darmor-ce-mardi-6873619.php?utm_content=photo&amp;utm_term=LeTelegramme&amp;utm_campaign=twitter&amp;utm_source=nonli&amp;utm_medium=Social\" target=\"_blank\" rel=\"noopener nofollow\" title=\"Nouvelle fen\u00eatre\">Le T\u00e9l\u00e9gramme<\/a>. R\u00e9sultat\u00a0: des voitures ont \u00e9t\u00e9 pi\u00e9g\u00e9es dans des rues inond\u00e9es.<\/p>\n<p> La lecture de ce contenu est susceptible d\u2019entra\u00eener un d\u00e9p\u00f4t de cookies de la part de l\u2019op\u00e9rateur tiers qui l\u2019h\u00e9berge. Compte-tenu des choix que vous avez exprim\u00e9s en mati\u00e8re de d\u00e9p\u00f4t de cookies, nous avons bloqu\u00e9 l\u2019affichage de ce contenu. Si vous souhaitez y acc\u00e9der, vous devez accepter la cat\u00e9gorie de cookies \u201cContenus tiers\u201d en cliquant sur le bouton ci-dessous. <\/p>\n<p> Lire la Vid\u00e9o           <\/p>\n<p> La lecture de ce contenu est susceptible d\u2019entra\u00eener un d\u00e9p\u00f4t de cookies de la part de l\u2019op\u00e9rateur tiers qui l\u2019h\u00e9berge. Compte-tenu des choix que vous avez exprim\u00e9s en mati\u00e8re de d\u00e9p\u00f4t de cookies, nous avons bloqu\u00e9 l\u2019affichage de ce contenu. Si vous souhaitez y acc\u00e9der, vous devez accepter la cat\u00e9gorie de cookies \u201cContenus tiers\u201d en cliquant sur le bouton ci-dessous. <\/p>\n<p> Lire la Vid\u00e9o        <\/p>\n<p class=\"asset asset-text\">La Bretagne n\u2019est pas la seule \u00e0 \u00eatre touch\u00e9e par les orages. Des fortes chutes de gr\u00eales tombent en Loz\u00e8re ce mardi soir. \u00ab\u00a0Certains gr\u00ealons atteignent 3 \u00e0 4\u00a0cm de diam\u00e8tre\u00a0!\u00a0\u00bb, rapporte le pr\u00e9visionniste Guillaume S\u00e9chet, sur son compte X.<\/p>\n<p class=\"asset asset-text\">Ces orages surviennent apr\u00e8s une longue p\u00e9riode de canicule dans l\u2019Hexagone. Cette 51e vague de chaleur depuis 1947 a pris fin mardi matin apr\u00e8s 11 jours de chaleur \u00e9crasante sur la quasi-totalit\u00e9 du territoire.<\/p>\n","protected":false},"excerpt":{"rendered":"JOEL SAGET \/ AFP L\u2019H\u00e9rault, le Gard, la Loz\u00e8re et les C\u00f4tes d\u2019Armor ont \u00e9t\u00e9 plac\u00e9s ce mardi&hellip;\n","protected":false},"author":2,"featured_media":330299,"comment_status":"","ping_status":"","sticky":false,"template":"","format":"standard","meta":{"footnotes":""},"categories":[4],"tags":[11,829,44583,1011,27,2487,2357,12,4594,25],"class_list":{"0":"post-330298","1":"post","2":"type-post","3":"status-publish","4":"format-standard","5":"has-post-thumbnail","7":"category-france","8":"tag-actualites","9":"tag-bretagne","10":"tag-cotes-d-armor","11":"tag-fr","12":"tag-france","13":"tag-meteo","14":"tag-meteo-france","15":"tag-news","16":"tag-orages","17":"tag-republique-francaise"},"share_on_mastodon":{"url":"https:\/\/pubeurope.com\/@fr\/115057880332581917","error":""},"_links":{"self":[{"href":"https:\/\/www.europesays.com\/fr\/wp-json\/wp\/v2\/posts\/330298","targetHints":{"allow":["GET"]}}],"collection":[{"href":"https:\/\/www.europesays.com\/fr\/wp-json\/wp\/v2\/posts"}],"about":[{"href":"https:\/\/www.europesays.com\/fr\/wp-json\/wp\/v2\/types\/post"}],"author":[{"embeddable":true,"href":"https:\/\/www.europesays.com\/fr\/wp-json\/wp\/v2\/users\/2"}],"replies":[{"embeddable":true,"href":"https:\/\/www.europesays.com\/fr\/wp-json\/wp\/v2\/comments?post=330298"}],"version-history":[{"count":0,"href":"https:\/\/www.europesays.com\/fr\/wp-json\/wp\/v2\/posts\/330298\/revisions"}],"wp:featuredmedia":[{"embeddable":true,"href":"https:\/\/www.europesays.com\/fr\/wp-json\/wp\/v2\/media\/330299"}],"wp:attachment":[{"href":"https:\/\/www.europesays.com\/fr\/wp-json\/wp\/v2\/media?parent=330298"}],"wp:term":[{"taxonomy":"category","embeddable":true,"href":"https:\/\/www.europesays.com\/fr\/wp-json\/wp\/v2\/categories?post=330298"},{"taxonomy":"post_tag","embeddable":true,"href":"https:\/\/www.europesays.com\/fr\/wp-json\/wp\/v2\/tags?post=330298"}],"curies":[{"name":"wp","href":"https:\/\/api.w.org\/{rel}","templated":true}]}}