{"id":330300,"date":"2025-08-19T22:51:13","date_gmt":"2025-08-19T22:51:13","guid":{"rendered":"https:\/\/www.europesays.com\/fr\/330300\/"},"modified":"2025-08-19T22:51:13","modified_gmt":"2025-08-19T22:51:13","slug":"apres-la-noyade-de-leur-enfant-dans-une-piscine-municipale-des-parents-portent-plainte","status":"publish","type":"post","link":"https:\/\/www.europesays.com\/fr\/330300\/","title":{"rendered":"Apr\u00e8s la noyade de leur enfant dans une piscine municipale, des parents portent plainte"},"content":{"rendered":"<p>Apr\u00e8s la <a href=\"https:\/\/www.20minutes.fr\/dossier\/noyade\" class=\"c-link c-link--is-underlined\" rel=\"nofollow noopener\" target=\"_blank\">noyade <\/a>d\u2019un gar\u00e7on de quatre ans la semaine derni\u00e8re dans une piscine municipale de <a href=\"https:\/\/www.20minutes.fr\/dossier\/denain\" class=\"c-link c-link--is-underlined\" rel=\"nofollow noopener\" target=\"_blank\">Denain<\/a>, dans le <a href=\"https:\/\/www.20minutes.fr\/dossier\/nord\" class=\"c-link c-link--is-underlined\" rel=\"nofollow noopener\" target=\"_blank\">Nord<\/a>, sa famille a annonc\u00e9 qu\u2019elle allait porter plainte contre X pour homicide involontaire.<\/p>\n<p>Les circonstances de ce d\u00e9c\u00e8s restent encore tr\u00e8s floues. Le nombre de personnes pr\u00e9sentes dans les bassins \u00e9tait \u00ab\u00a0extr\u00eamement faible et trois ma\u00eetres nageurs ainsi qu\u2019un responsable de s\u00e9curit\u00e9 \u00e9taient en surveillance \u00e0 leur poste\u00a0\u00bb au moment du drame jeudi en fin de journ\u00e9e, affirme le centre aquatique de Denain. \u00ab\u00a0L\u2019enfant \u00e9tait accompagn\u00e9 par des proches de la famille, tous majeurs\u00a0\u00bb a dit \u00e0 l\u2019AFP l\u2019avocat de la famille, Me Ily\u00e8s Dogheche.<\/p>\n<p>Le parquet de Valenciennes a ouvert une enqu\u00eate<\/p>\n<p>\u00ab\u00a0Il \u00e9tait dans la pataugeoire, puisqu\u2019il ne savait pas nager [\u2026]. Il est pass\u00e9 d\u2019un bassin \u00e0 l\u2019autre visiblement, sans \u00eatre surveill\u00e9\u00a0\u00bb, selon cet avocat, qui compte d\u00e9poser plainte mercredi \u00e0 Valenciennes. Le parquet de <a href=\"https:\/\/www.20minutes.fr\/dossier\/valenciennes\" class=\"c-link c-link--is-underlined\" rel=\"nofollow noopener\" target=\"_blank\">Valenciennes <\/a>a ouvert une enqu\u00eate mais n\u2019a pas r\u00e9pondu jusqu\u2019\u00e0 pr\u00e9sent aux sollicitations de l\u2019AFP.<\/p>\n<p>L\u2019enfant \u00e9tait issu de la communaut\u00e9 des gens du voyage, selon une source polici\u00e8re. L\u2019atmosph\u00e8re s\u2019\u00e9tait tendue \u00e0 Denain imm\u00e9diatement apr\u00e8s le drame, mais la situation \u00e9tait redevenue calme au bout de quelques heures, selon la m\u00eame source.<\/p>\n<p>Une marche blanche en m\u00e9moire \u00e0 Maylon s\u2019est d\u00e9roul\u00e9e sans incident mardi \u00e0 Denain et a rassembl\u00e9 quelques centaines de personnes, selon les m\u00e9dias locaux.<\/p>\n","protected":false},"excerpt":{"rendered":"Apr\u00e8s la noyade d\u2019un gar\u00e7on de quatre ans la semaine derni\u00e8re dans une piscine municipale de Denain, dans&hellip;\n","protected":false},"author":2,"featured_media":330301,"comment_status":"","ping_status":"","sticky":false,"template":"","format":"standard","meta":{"footnotes":""},"categories":[2],"tags":[47,11,46793,118,1011,27,811,303,12,1308,1309,7781,2222],"class_list":{"0":"post-330300","1":"post","2":"type-post","3":"status-publish","4":"format-standard","5":"has-post-thumbnail","7":"category-actualites","8":"tag-actualite","9":"tag-actualites","10":"tag-denain","11":"tag-faits-divers","12":"tag-fr","13":"tag-france","14":"tag-hauts-de-france","15":"tag-justice","16":"tag-news","17":"tag-nord","18":"tag-nord-pas-de-calais","19":"tag-noyade","20":"tag-valenciennes"},"share_on_mastodon":{"url":"https:\/\/pubeurope.com\/@fr\/115057884125852536","error":""},"_links":{"self":[{"href":"https:\/\/www.europesays.com\/fr\/wp-json\/wp\/v2\/posts\/330300","targetHints":{"allow":["GET"]}}],"collection":[{"href":"https:\/\/www.europesays.com\/fr\/wp-json\/wp\/v2\/posts"}],"about":[{"href":"https:\/\/www.europesays.com\/fr\/wp-json\/wp\/v2\/types\/post"}],"author":[{"embeddable":true,"href":"https:\/\/www.europesays.com\/fr\/wp-json\/wp\/v2\/users\/2"}],"replies":[{"embeddable":true,"href":"https:\/\/www.europesays.com\/fr\/wp-json\/wp\/v2\/comments?post=330300"}],"version-history":[{"count":0,"href":"https:\/\/www.europesays.com\/fr\/wp-json\/wp\/v2\/posts\/330300\/revisions"}],"wp:featuredmedia":[{"embeddable":true,"href":"https:\/\/www.europesays.com\/fr\/wp-json\/wp\/v2\/media\/330301"}],"wp:attachment":[{"href":"https:\/\/www.europesays.com\/fr\/wp-json\/wp\/v2\/media?parent=330300"}],"wp:term":[{"taxonomy":"category","embeddable":true,"href":"https:\/\/www.europesays.com\/fr\/wp-json\/wp\/v2\/categories?post=330300"},{"taxonomy":"post_tag","embeddable":true,"href":"https:\/\/www.europesays.com\/fr\/wp-json\/wp\/v2\/tags?post=330300"}],"curies":[{"name":"wp","href":"https:\/\/api.w.org\/{rel}","templated":true}]}}