{"id":330302,"date":"2025-08-19T22:52:18","date_gmt":"2025-08-19T22:52:18","guid":{"rendered":"https:\/\/www.europesays.com\/fr\/330302\/"},"modified":"2025-08-19T22:52:18","modified_gmt":"2025-08-19T22:52:18","slug":"saint-etienne-a-15-ans-ils-engagent-une-course-poursuite-et-blessent-un-policier-2","status":"publish","type":"post","link":"https:\/\/www.europesays.com\/fr\/330302\/","title":{"rendered":"Saint-\u00c9tienne : \u00e0 15 ans, ils engagent une course-poursuite et blessent un policier"},"content":{"rendered":"<p>Deux gar\u00e7ons de 15 ans ont \u00e9t\u00e9 interpell\u00e9s apr\u00e8s une course-poursuite avec la police, dans la nuit du vendredi 15 au samedi 16 ao\u00fbt \u00e0 Saint-\u00c9tienne. Un policier a \u00e9t\u00e9 bless\u00e9 au pied.<\/p>\n<p>Les policiers ont pris en chasse la voiture qui roulait sans plaque d&rsquo;immatriculation, dans la nuit de vendredi \u00e0 samedi entre <b>Saint-\u00c9tienne et Villars<\/b>.<\/p>\n<p>\u00c0 l&rsquo;int\u00e9rieur du v\u00e9hicule : deux jeunes de 15 ans, dont un originaire de la r\u00e9gion de <b>Firminy,<\/b> qui venait de voler la voiture de son oncle, <a class=\"url\" href=\"https:\/\/c.leprogres.fr\/faits-divers-justice\/2025\/08\/18\/au-volant-a-15-ans-il-roule-sur-le-pied-d-un-policier\" target=\"_blank\" rel=\"noopener\">d&rsquo;apr\u00e8s Le Progr\u00e8s<\/a>.<\/p>\n<p>Il roule sur le pied d&rsquo;un policier en voulant manoeuvrer<\/p>\n<p>Les fuyards ont pris tous les risques pour \u00e9chapper aux forces de l&rsquo;ordre, avant de terminer leur p\u00e9riple contre un poteau, dans le <b>quartier de Tarentaise.<\/b><\/p>\n<p>En voulant man\u0153uvrer, le jeune conducteur a roul\u00e9 sur le pied d&rsquo;un policier, qui a re\u00e7u <b>trois jours d&rsquo;ITT.<\/b>\u00a0<\/p>\n<p>Les suspects ont \u00e9t\u00e9 plac\u00e9s en garde \u00e0 vue et seront pr\u00e9sent\u00e9s \u00e0 un juge pour enfants, pour <b>refus d&rsquo;obtemp\u00e9rer, conduite \u00e0 vitesse excessive, d\u00e9faut de permis de conduire et vol par ruse<\/b> pour le premier ; et vol par ruse pour le second.<\/p>\n<p><\/p>\n","protected":false},"excerpt":{"rendered":"Deux gar\u00e7ons de 15 ans ont \u00e9t\u00e9 interpell\u00e9s apr\u00e8s une course-poursuite avec la police, dans la nuit du&hellip;\n","protected":false},"author":2,"featured_media":328764,"comment_status":"","ping_status":"","sticky":false,"template":"","format":"standard","meta":{"footnotes":""},"categories":[9653],"tags":[1111,11,2430,12930,1777,674,10282,1011,27,12,1072,25,4001,20094,10246],"class_list":{"0":"post-330302","1":"post","2":"type-post","3":"status-publish","4":"format-standard","5":"has-post-thumbnail","7":"category-saint-etienne","8":"tag-actu","9":"tag-actualites","10":"tag-auvergne-rhone-alpes","11":"tag-course-poursuite","12":"tag-eu","13":"tag-europe","14":"tag-firminy","15":"tag-fr","16":"tag-france","17":"tag-news","18":"tag-police","19":"tag-republique-francaise","20":"tag-saint-etienne","21":"tag-tarentaise","22":"tag-villars"},"share_on_mastodon":{"url":"https:\/\/pubeurope.com\/@fr\/115057888054048763","error":""},"_links":{"self":[{"href":"https:\/\/www.europesays.com\/fr\/wp-json\/wp\/v2\/posts\/330302","targetHints":{"allow":["GET"]}}],"collection":[{"href":"https:\/\/www.europesays.com\/fr\/wp-json\/wp\/v2\/posts"}],"about":[{"href":"https:\/\/www.europesays.com\/fr\/wp-json\/wp\/v2\/types\/post"}],"author":[{"embeddable":true,"href":"https:\/\/www.europesays.com\/fr\/wp-json\/wp\/v2\/users\/2"}],"replies":[{"embeddable":true,"href":"https:\/\/www.europesays.com\/fr\/wp-json\/wp\/v2\/comments?post=330302"}],"version-history":[{"count":0,"href":"https:\/\/www.europesays.com\/fr\/wp-json\/wp\/v2\/posts\/330302\/revisions"}],"wp:featuredmedia":[{"embeddable":true,"href":"https:\/\/www.europesays.com\/fr\/wp-json\/wp\/v2\/media\/328764"}],"wp:attachment":[{"href":"https:\/\/www.europesays.com\/fr\/wp-json\/wp\/v2\/media?parent=330302"}],"wp:term":[{"taxonomy":"category","embeddable":true,"href":"https:\/\/www.europesays.com\/fr\/wp-json\/wp\/v2\/categories?post=330302"},{"taxonomy":"post_tag","embeddable":true,"href":"https:\/\/www.europesays.com\/fr\/wp-json\/wp\/v2\/tags?post=330302"}],"curies":[{"name":"wp","href":"https:\/\/api.w.org\/{rel}","templated":true}]}}