{"id":330303,"date":"2025-08-19T22:53:25","date_gmt":"2025-08-19T22:53:25","guid":{"rendered":"https:\/\/www.europesays.com\/fr\/330303\/"},"modified":"2025-08-19T22:53:25","modified_gmt":"2025-08-19T22:53:25","slug":"en-etat-divresse-il-lance-une-course-poursuite-sur-56-km","status":"publish","type":"post","link":"https:\/\/www.europesays.com\/fr\/330303\/","title":{"rendered":"En \u00e9tat d&rsquo;ivresse, il lance une course poursuite sur 56 km"},"content":{"rendered":"<p>Dans la nuit du 18 ao\u00fbt, vers 4h du matin, un \u00e9quipage de police a tent\u00e9 de contr\u00f4ler un v\u00e9hicule circulant cours Fauriel \u00e0 Saint-\u00c9tienne. Mais le conducteur, un jeune homme de 20 ans, a refus\u00e9 d\u2019obtemp\u00e9rer et pris la fuite.<\/p>\n<p>Une <strong>course-poursuite de 56 km<\/strong> s\u2019est alors engag\u00e9e en direction de l\u2019autoroute, l\u2019automobiliste roulant \u00e0 plus de <strong>140 km\/h<\/strong>. Il a pass\u00e9 successivement les communes de\u00a0 Saint-Chamond, l&rsquo;Horme, Lorette puis Rive-de-Gier. Une brigade de la BAC est venue pr\u00eater main forte pour tenter d\u2019intercepter le fuyard.<\/p>\n<p>Le v\u00e9hicule a finalement \u00e9t\u00e9 stopp\u00e9 dans une impasse \u00e0 <strong>Irigny (Rh\u00f4ne)<\/strong>. \u00c0 bord, les policiers ont d\u00e9couvert une passag\u00e8re apeur\u00e9e, qui avait multipli\u00e9 les signes d\u2019appel pendant la poursuite, soulag\u00e9e \u00e0 l\u2019issue de l\u2019interpellation.<\/p>\n<p>Le conducteur pr\u00e9sentait un taux d\u2019alcool\u00e9mie de <strong>1,34 g\/l de sang<\/strong> et roulait avec un permis suspendu. Il a \u00e9t\u00e9 plac\u00e9 en garde \u00e0 vue et sera poursuivi pour <strong>refus d\u2019obtemp\u00e9rer aggrav\u00e9 avec mise en danger d\u2019autrui, d\u00e9faut de permis et d\u00e9faut d\u2019assurance<\/strong>.<br \/>C. Ercilla<\/p>\n","protected":false},"excerpt":{"rendered":"Dans la nuit du 18 ao\u00fbt, vers 4h du matin, un \u00e9quipage de police a tent\u00e9 de contr\u00f4ler&hellip;\n","protected":false},"author":2,"featured_media":330304,"comment_status":"","ping_status":"","sticky":false,"template":"","format":"standard","meta":{"footnotes":""},"categories":[9653],"tags":[1111,11,2430,1777,674,1011,27,12,25,4001],"class_list":{"0":"post-330303","1":"post","2":"type-post","3":"status-publish","4":"format-standard","5":"has-post-thumbnail","7":"category-saint-etienne","8":"tag-actu","9":"tag-actualites","10":"tag-auvergne-rhone-alpes","11":"tag-eu","12":"tag-europe","13":"tag-fr","14":"tag-france","15":"tag-news","16":"tag-republique-francaise","17":"tag-saint-etienne"},"share_on_mastodon":{"url":"https:\/\/pubeurope.com\/@fr\/115057891916990881","error":""},"_links":{"self":[{"href":"https:\/\/www.europesays.com\/fr\/wp-json\/wp\/v2\/posts\/330303","targetHints":{"allow":["GET"]}}],"collection":[{"href":"https:\/\/www.europesays.com\/fr\/wp-json\/wp\/v2\/posts"}],"about":[{"href":"https:\/\/www.europesays.com\/fr\/wp-json\/wp\/v2\/types\/post"}],"author":[{"embeddable":true,"href":"https:\/\/www.europesays.com\/fr\/wp-json\/wp\/v2\/users\/2"}],"replies":[{"embeddable":true,"href":"https:\/\/www.europesays.com\/fr\/wp-json\/wp\/v2\/comments?post=330303"}],"version-history":[{"count":0,"href":"https:\/\/www.europesays.com\/fr\/wp-json\/wp\/v2\/posts\/330303\/revisions"}],"wp:featuredmedia":[{"embeddable":true,"href":"https:\/\/www.europesays.com\/fr\/wp-json\/wp\/v2\/media\/330304"}],"wp:attachment":[{"href":"https:\/\/www.europesays.com\/fr\/wp-json\/wp\/v2\/media?parent=330303"}],"wp:term":[{"taxonomy":"category","embeddable":true,"href":"https:\/\/www.europesays.com\/fr\/wp-json\/wp\/v2\/categories?post=330303"},{"taxonomy":"post_tag","embeddable":true,"href":"https:\/\/www.europesays.com\/fr\/wp-json\/wp\/v2\/tags?post=330303"}],"curies":[{"name":"wp","href":"https:\/\/api.w.org\/{rel}","templated":true}]}}