{"id":330305,"date":"2025-08-19T22:56:22","date_gmt":"2025-08-19T22:56:22","guid":{"rendered":"https:\/\/www.europesays.com\/fr\/330305\/"},"modified":"2025-08-19T22:56:22","modified_gmt":"2025-08-19T22:56:22","slug":"la-patisserie-cadici-tire-sa-reverence-a-nancy","status":"publish","type":"post","link":"https:\/\/www.europesays.com\/fr\/330305\/","title":{"rendered":"La p\u00e2tisserie Cadici tire sa r\u00e9v\u00e9rence \u00e0 Nancy"},"content":{"rendered":"<p>Le 20 septembre 2024, la p\u00e2tisserie a baiss\u00e9 le rideau, contrainte par une d\u00e9cision administrative li\u00e9e \u00e0 la v\u00e9tust\u00e9 de son b\u00e2timent. M\u00eame apr\u00e8s la lev\u00e9e de cette mesure, ses g\u00e9rants ont consid\u00e9r\u00e9 qu\u2019une reprise \u00e9tait irr\u00e9alisable, ent\u00e9rinant ainsi la disparition d\u00e9finitive de l\u2019enseigne.<\/p>\n<p>Cadici, quinze ans d\u2019excellence gourmande au c\u0153ur de Nancy<\/p>\n<p>Install\u00e9e en plein c\u0153ur de la Vieille-Ville, Cadici s\u2019\u00e9tait impos\u00e9e depuis plus de quinze ans comme une adresse incontournable, r\u00e9put\u00e9e pour ses croissants l\u00e9gers et dor\u00e9s, souvent cit\u00e9s parmi les meilleurs de Nancy. Aux commandes, Paul Cadici a b\u00e2ti sa renomm\u00e9e sur un savoir-faire pr\u00e9cis et une touche cr\u00e9ative, revisitant les classiques et proposant un \u00e9ventail gourmand : tourte au riesling, pain d\u2019\u00e9pices au miel de Lorraine, kouglof, viennoiseries soign\u00e9es, galette g\u00e9n\u00e9reuse ou encore b\u00fbches audacieuses associant framboise et macaron.<\/p>\n","protected":false},"excerpt":{"rendered":"Le 20 septembre 2024, la p\u00e2tisserie a baiss\u00e9 le rideau, contrainte par une d\u00e9cision administrative li\u00e9e \u00e0 la&hellip;\n","protected":false},"author":2,"featured_media":330306,"comment_status":"","ping_status":"","sticky":false,"template":"","format":"standard","meta":{"footnotes":""},"categories":[9635],"tags":[1111,11,1777,674,1011,27,775,1702,12,25],"class_list":{"0":"post-330305","1":"post","2":"type-post","3":"status-publish","4":"format-standard","5":"has-post-thumbnail","7":"category-nancy","8":"tag-actu","9":"tag-actualites","10":"tag-eu","11":"tag-europe","12":"tag-fr","13":"tag-france","14":"tag-grand-est","15":"tag-nancy","16":"tag-news","17":"tag-republique-francaise"},"share_on_mastodon":{"url":"https:\/\/pubeurope.com\/@fr\/115057903770217866","error":""},"_links":{"self":[{"href":"https:\/\/www.europesays.com\/fr\/wp-json\/wp\/v2\/posts\/330305","targetHints":{"allow":["GET"]}}],"collection":[{"href":"https:\/\/www.europesays.com\/fr\/wp-json\/wp\/v2\/posts"}],"about":[{"href":"https:\/\/www.europesays.com\/fr\/wp-json\/wp\/v2\/types\/post"}],"author":[{"embeddable":true,"href":"https:\/\/www.europesays.com\/fr\/wp-json\/wp\/v2\/users\/2"}],"replies":[{"embeddable":true,"href":"https:\/\/www.europesays.com\/fr\/wp-json\/wp\/v2\/comments?post=330305"}],"version-history":[{"count":0,"href":"https:\/\/www.europesays.com\/fr\/wp-json\/wp\/v2\/posts\/330305\/revisions"}],"wp:featuredmedia":[{"embeddable":true,"href":"https:\/\/www.europesays.com\/fr\/wp-json\/wp\/v2\/media\/330306"}],"wp:attachment":[{"href":"https:\/\/www.europesays.com\/fr\/wp-json\/wp\/v2\/media?parent=330305"}],"wp:term":[{"taxonomy":"category","embeddable":true,"href":"https:\/\/www.europesays.com\/fr\/wp-json\/wp\/v2\/categories?post=330305"},{"taxonomy":"post_tag","embeddable":true,"href":"https:\/\/www.europesays.com\/fr\/wp-json\/wp\/v2\/tags?post=330305"}],"curies":[{"name":"wp","href":"https:\/\/api.w.org\/{rel}","templated":true}]}}