{"id":330309,"date":"2025-08-19T22:59:25","date_gmt":"2025-08-19T22:59:25","guid":{"rendered":"https:\/\/www.europesays.com\/fr\/330309\/"},"modified":"2025-08-19T22:59:25","modified_gmt":"2025-08-19T22:59:25","slug":"canicule-selection-despeces-bassins-glacons-comment-le-zoo-de-montpellier-sadapte-aux-fortes-chaleurs","status":"publish","type":"post","link":"https:\/\/www.europesays.com\/fr\/330309\/","title":{"rendered":"Canicule\u00a0: s\u00e9lection d\u2019esp\u00e8ces, bassins, gla\u00e7ons\u2026 comment le zoo de Montpellier s\u2019adapte aux fortes chaleurs"},"content":{"rendered":"<p>\n                                                                La structure a pris quelques mesures pour le bien-\u00eatre des animaux. Ainsi ils peuvent mieux affronter la chaleur. Explications avec Baptiste Chenet, responsable du service animalier du zoo et v\u00e9t\u00e9rinaire.\n                            <\/p>\n<p><strong>Les animaux du zoo sont-ils adapt\u00e9s pour supporter les fortes chaleurs\u00a0?<\/strong><\/p>\n<p>Nous avons fait un travail pour que les esp\u00e8ces qui \u00e9taient tr\u00e8s sensibles \u00e0 la chaleur\u00a0ne soient plus pr\u00e9sent\u00e9es. Donc on a d\u00e9j\u00e0 fait partir des esp\u00e8ces\u00a0qui pouvaient souffrir de fortes temp\u00e9ratures, comme par exemple les\u00a0takins, des grosses ch\u00e8vres de l\u2019Himalaya.\u00a0Ainsi, depuis dix ans, nous s\u00e9lectionnons des esp\u00e8ces mieux adapt\u00e9es aux conditions climatiques de notre r\u00e9gion.<\/p>\n<p><strong>Et donc tous les animaux supportent bien la canicule\u00a0?<\/strong><\/p>\n<p>M\u00eame quand on y est moins sensible, la chaleur n\u2019est jamais tr\u00e8s agr\u00e9able quand il y a de tr\u00e8s fortes temp\u00e9ratures et sur des p\u00e9riodes longues. Donc nous adaptons nos pratiques pour les animaux.<\/p>\n<p>Des glaces aux parfums un peu particuliers<\/p>\n<p dir=\"ltr\"><strong>Quelles sont les\u00a0mesures prises\u00a0?<\/strong><\/p>\n<p dir=\"ltr\">Les animaux ont d\u00e9sormais un libre acc\u00e8s la nuit aux espaces ext\u00e9rieurs. Ils peuvent rester \u00e0 l\u2019int\u00e9rieur ou sortir\u00a0selon leurs besoins thermiques.<\/p>\n<p dir=\"ltr\">On met \u00e9galement \u00e0 leur disposition des gla\u00e7ons, des\u00a0fruits ou\u00a0l\u00e9gumes congel\u00e9s ou du sang et de la viande, selon leur r\u00e9gime alimentaire. Des glaces avec des parfums un peu particuliers\u2026<\/p>\n<p dir=\"ltr\">Les animaux ont aussi acc\u00e8s \u00e0 des points d\u2019eau o\u00f9 ils peuvent s\u2019immerger. Il y a des bassins dans lesquels ils peuvent aller se mouiller. Et sinon, certains enclos sont \u00e9quip\u00e9s d\u2019appareils permettant de les arroser.\u00a0Ce qui permet aux animaux d\u2019aller se rafra\u00eechir.<\/p>\n<p dir=\"ltr\"><strong>Et ils peuvent en journ\u00e9e se mettre \u00e0 l\u2019ombre\u2026<\/strong><\/p>\n<p>Les enclos sont assez vastes avec de la v\u00e9g\u00e9tation pour que les animaux puissent d\u00e9cider de se mettre \u00e0 l\u2019ombre ou au soleil. C\u2019est d\u2019ailleurs pour \u00e7a que parfois certains visiteurs se plaignent de ne pas voir les animaux, mais c\u2019est parce que les animaux ont d\u00e9cid\u00e9 d\u2019aller faire la sieste \u00e0 l\u2019ombre et que ce n\u2019est pas le bon moment pour les voir.<\/p>\n<p>Actuellement, il vaut mieux venir le matin ou le soir quand il\u00a0fait plus frais. En journ\u00e9e, il vaut mieux rester chez soi et faire la sieste aussi.<\/p>\n<p>Finalement, les moins bien lotis au zoo sont les soigneurs animaliers, parce qu\u2019eux, ils doivent travailler m\u00eame avec les fortes chaleurs\u2026<\/p>\n","protected":false},"excerpt":{"rendered":"La structure a pris quelques mesures pour le bien-\u00eatre des animaux. Ainsi ils peuvent mieux affronter la chaleur.&hellip;\n","protected":false},"author":2,"featured_media":330310,"comment_status":"","ping_status":"","sticky":false,"template":"","format":"standard","meta":{"footnotes":""},"categories":[9599],"tags":[1111,11,1777,674,1011,27,2208,12,2680,25],"class_list":{"0":"post-330309","1":"post","2":"type-post","3":"status-publish","4":"format-standard","5":"has-post-thumbnail","7":"category-montpellier","8":"tag-actu","9":"tag-actualites","10":"tag-eu","11":"tag-europe","12":"tag-fr","13":"tag-france","14":"tag-montpellier","15":"tag-news","16":"tag-occitanie","17":"tag-republique-francaise"},"share_on_mastodon":{"url":"https:\/\/pubeurope.com\/@fr\/115057915591822298","error":""},"_links":{"self":[{"href":"https:\/\/www.europesays.com\/fr\/wp-json\/wp\/v2\/posts\/330309","targetHints":{"allow":["GET"]}}],"collection":[{"href":"https:\/\/www.europesays.com\/fr\/wp-json\/wp\/v2\/posts"}],"about":[{"href":"https:\/\/www.europesays.com\/fr\/wp-json\/wp\/v2\/types\/post"}],"author":[{"embeddable":true,"href":"https:\/\/www.europesays.com\/fr\/wp-json\/wp\/v2\/users\/2"}],"replies":[{"embeddable":true,"href":"https:\/\/www.europesays.com\/fr\/wp-json\/wp\/v2\/comments?post=330309"}],"version-history":[{"count":0,"href":"https:\/\/www.europesays.com\/fr\/wp-json\/wp\/v2\/posts\/330309\/revisions"}],"wp:featuredmedia":[{"embeddable":true,"href":"https:\/\/www.europesays.com\/fr\/wp-json\/wp\/v2\/media\/330310"}],"wp:attachment":[{"href":"https:\/\/www.europesays.com\/fr\/wp-json\/wp\/v2\/media?parent=330309"}],"wp:term":[{"taxonomy":"category","embeddable":true,"href":"https:\/\/www.europesays.com\/fr\/wp-json\/wp\/v2\/categories?post=330309"},{"taxonomy":"post_tag","embeddable":true,"href":"https:\/\/www.europesays.com\/fr\/wp-json\/wp\/v2\/tags?post=330309"}],"curies":[{"name":"wp","href":"https:\/\/api.w.org\/{rel}","templated":true}]}}