{"id":330315,"date":"2025-08-19T23:04:13","date_gmt":"2025-08-19T23:04:13","guid":{"rendered":"https:\/\/www.europesays.com\/fr\/330315\/"},"modified":"2025-08-19T23:04:13","modified_gmt":"2025-08-19T23:04:13","slug":"echo-logis-s04-e25-grenoble-fait-maison-echo-logis","status":"publish","type":"post","link":"https:\/\/www.europesays.com\/fr\/330315\/","title":{"rendered":"Echo-Logis &#8211; S04 E25 &#8211; Grenoble, fait maison &#8211; Echo-Logis"},"content":{"rendered":"<p id=\"descriptionPanel\" class=\"text-secondary mr-2 line-clamp-2 pr-2.5 overflow-visible\">Construire soi-m\u00eame la maison de ses r\u00eaves : une d\u00e9marche qui s\u00e9duit de plus en plus de familles dans le monde, soucieuses de se b\u00e2tir un nid douillet \u00e0 leur image, qui respecte leurs valeurs. Nous sommes all\u00e9s en Is\u00e8re, dans le village de Theys, \u00e0 la rencontre d\u2019une famille qui a pass\u00e9 le cap de l\u2019auto-construction. Thierry et S\u00e9verine Thouvenot ont choisi ce terrain, perch\u00e9 entre for\u00eats et montagnes, pour y restaurer une ancienne grange de mani\u00e8re 100% \u00e9cologique.<\/p>\n<p>Afficher la version longue du r\u00e9sum\u00e9<a class=\"shrink-0\" href=\"https:\/\/www.tf1.fr\/tf1\/echo-logis\" target=\"_blank\" rel=\"noopener\"><img decoding=\"async\" src=\"https:\/\/www.europesays.com\/fr\/wp-content\/uploads\/2025\/08\/flux-vignette-portrait-1800c5-43d215-049bbc-0@1x.jpg\" width=\"138\" height=\"184\" alt=\"\" loading=\"eager\" fetchpriority=\"auto\" class=\"rounded-3px aspect-[3\/4] h-24 w-auto\" aria-hidden=\"true\"\/><\/a><\/p>\n","protected":false},"excerpt":{"rendered":"Construire soi-m\u00eame la maison de ses r\u00eaves : une d\u00e9marche qui s\u00e9duit de plus en plus de familles&hellip;\n","protected":false},"author":2,"featured_media":330316,"comment_status":"","ping_status":"","sticky":false,"template":"","format":"standard","meta":{"footnotes":""},"categories":[9566],"tags":[1111,11,2430,46794,46798,46799,46806,46810,46795,46807,46811,46803,46802,1365,46796,46797,41047,1777,674,1011,27,2731,12,25,46804,46805,46808,46809,46800,46801],"class_list":{"0":"post-330315","1":"post","2":"type-post","3":"status-publish","4":"format-standard","5":"has-post-thumbnail","7":"category-grenoble","8":"tag-actu","9":"tag-actualites","10":"tag-auvergne-rhone-alpes","11":"tag-echo-logis","12":"tag-echo-logis-episode","13":"tag-echo-logis-episode-tf1","14":"tag-echo-logis-streaming","15":"tag-echo-logis-streaming-gratuit","16":"tag-echo-logis-tf1","17":"tag-echo-logis-tf1-streaming","18":"tag-echo-logis-tf1-streaming-gratuit","19":"tag-echo-logis-tf1-video","20":"tag-echo-logis-video","21":"tag-episode","22":"tag-episode-echo-logis","23":"tag-episode-echo-logis-tf1","24":"tag-episode-tf1","25":"tag-eu","26":"tag-europe","27":"tag-fr","28":"tag-france","29":"tag-grenoble","30":"tag-news","31":"tag-republique-francaise","32":"tag-streaming-echo-logis","33":"tag-streaming-echo-logis-tf1","34":"tag-streaming-gratuit-echo-logis","35":"tag-streaming-gratuit-echo-logis-tf1","36":"tag-video-echo-logis","37":"tag-video-echo-logis-tf1"},"share_on_mastodon":{"url":"","error":"Validation failed: Text character limit of 500 exceeded"},"_links":{"self":[{"href":"https:\/\/www.europesays.com\/fr\/wp-json\/wp\/v2\/posts\/330315","targetHints":{"allow":["GET"]}}],"collection":[{"href":"https:\/\/www.europesays.com\/fr\/wp-json\/wp\/v2\/posts"}],"about":[{"href":"https:\/\/www.europesays.com\/fr\/wp-json\/wp\/v2\/types\/post"}],"author":[{"embeddable":true,"href":"https:\/\/www.europesays.com\/fr\/wp-json\/wp\/v2\/users\/2"}],"replies":[{"embeddable":true,"href":"https:\/\/www.europesays.com\/fr\/wp-json\/wp\/v2\/comments?post=330315"}],"version-history":[{"count":0,"href":"https:\/\/www.europesays.com\/fr\/wp-json\/wp\/v2\/posts\/330315\/revisions"}],"wp:featuredmedia":[{"embeddable":true,"href":"https:\/\/www.europesays.com\/fr\/wp-json\/wp\/v2\/media\/330316"}],"wp:attachment":[{"href":"https:\/\/www.europesays.com\/fr\/wp-json\/wp\/v2\/media?parent=330315"}],"wp:term":[{"taxonomy":"category","embeddable":true,"href":"https:\/\/www.europesays.com\/fr\/wp-json\/wp\/v2\/categories?post=330315"},{"taxonomy":"post_tag","embeddable":true,"href":"https:\/\/www.europesays.com\/fr\/wp-json\/wp\/v2\/tags?post=330315"}],"curies":[{"name":"wp","href":"https:\/\/api.w.org\/{rel}","templated":true}]}}