{"id":330317,"date":"2025-08-19T23:06:17","date_gmt":"2025-08-19T23:06:17","guid":{"rendered":"https:\/\/www.europesays.com\/fr\/330317\/"},"modified":"2025-08-19T23:06:17","modified_gmt":"2025-08-19T23:06:17","slug":"porte-de-sortie-trouvee-pour-brassier","status":"publish","type":"post","link":"https:\/\/www.europesays.com\/fr\/330317\/","title":{"rendered":"porte de sortie trouv\u00e9e pour Brassier ?"},"content":{"rendered":"<p>Lilian Brassier pourrait quitter le Stade<br \/>\nRennais avant la fin du mercato estival.<\/p>\n<p>Six mois seulement apr\u00e8s son arriv\u00e9e, Lilian Brassier peut-il<br \/>\nquitter le Stade Rennais ?<\/p>\n<p>C\u2019est une tendance qui commence \u00e0 prendre du poids. Le d\u00e9fenseur<br \/>\ncentral dispose d\u2019une belle cote \u00e0 l\u2019\u00e9tranger, notamment dans le<br \/>\nGolfe.<\/p>\n<p><a href=\"https:\/\/www.football365.fr\/wp-content\/uploads\/se\/2025\/03\/ICONSPORT_254924_0473.jpg\" rel=\"nofollow noopener\" target=\"_blank\"><br \/>\n<img loading=\"lazy\" decoding=\"async\" aria-describedby=\"caption-attachment-10231206\" class=\"size-full wp-image-10231206\" src=\"https:\/\/www.europesays.com\/fr\/wp-content\/uploads\/2025\/04\/1745069258_753_ICONSPORT_254924_0473.jpg\" alt=\"Stade Rennais\u202f: Beye restera, le projet se construit autour de lui.\" width=\"1280\" height=\"670\"  \/>2025 Icon Sport<br \/>\n<\/a><\/p>\n<p id=\"caption-attachment-10231206\" class=\"wp-caption-text\">Stade<br \/>\nRennais\u202f: Beye restera, le projet se construit autour de lui<\/p>\n<p>Selon les informations de Foot Mercato, le club saoudien<br \/>\nd\u2019Al-Hilal serait pr\u00eat \u00e0 passer \u00e0 l\u2019offensive pour s\u2019attacher les<br \/>\nservices de Brassier. Une offensive est attendue dans les heures \u00e0<br \/>\nvenir.<\/p>\n<p>Brassier est \u00e9panoui \u00e0 Rennes<\/p>\n<p>Reste que Lilian Brassier semble \u00e9panoui \u00e0 Rennes, o\u00f9 il est<br \/>\nparvenu \u00e0 rebondir apr\u00e8s un passage tr\u00e8s d\u00e9licat \u00e0 l\u2019Olympique de<br \/>\nMarseille.<\/p>\n<p>R\u00e9v\u00e9l\u00e9 \u00e0 Brest, le d\u00e9fenseur a retrouv\u00e9 la confiance dans le<br \/>\ncontexte plus calme de la Bretagne. Il est li\u00e9 au Stade Rennais<br \/>\njusqu\u2019en juin 2029 et b\u00e9n\u00e9ficie de la confiance de son entra\u00eeneur<br \/>\nHabib Beye. Affaire \u00e0 suivre\u2026<\/p>\n<p>\u00a0<\/p>\n","protected":false},"excerpt":{"rendered":"Lilian Brassier pourrait quitter le Stade Rennais avant la fin du mercato estival. Six mois seulement apr\u00e8s son&hellip;\n","protected":false},"author":2,"featured_media":330318,"comment_status":"","ping_status":"","sticky":false,"template":"","format":"standard","meta":{"footnotes":""},"categories":[2821],"tags":[1111,11,829,1777,674,1011,27,12,584,25],"class_list":{"0":"post-330317","1":"post","2":"type-post","3":"status-publish","4":"format-standard","5":"has-post-thumbnail","7":"category-rennes","8":"tag-actu","9":"tag-actualites","10":"tag-bretagne","11":"tag-eu","12":"tag-europe","13":"tag-fr","14":"tag-france","15":"tag-news","16":"tag-rennes","17":"tag-republique-francaise"},"share_on_mastodon":{"url":"https:\/\/pubeurope.com\/@fr\/115057943218786635","error":""},"_links":{"self":[{"href":"https:\/\/www.europesays.com\/fr\/wp-json\/wp\/v2\/posts\/330317","targetHints":{"allow":["GET"]}}],"collection":[{"href":"https:\/\/www.europesays.com\/fr\/wp-json\/wp\/v2\/posts"}],"about":[{"href":"https:\/\/www.europesays.com\/fr\/wp-json\/wp\/v2\/types\/post"}],"author":[{"embeddable":true,"href":"https:\/\/www.europesays.com\/fr\/wp-json\/wp\/v2\/users\/2"}],"replies":[{"embeddable":true,"href":"https:\/\/www.europesays.com\/fr\/wp-json\/wp\/v2\/comments?post=330317"}],"version-history":[{"count":0,"href":"https:\/\/www.europesays.com\/fr\/wp-json\/wp\/v2\/posts\/330317\/revisions"}],"wp:featuredmedia":[{"embeddable":true,"href":"https:\/\/www.europesays.com\/fr\/wp-json\/wp\/v2\/media\/330318"}],"wp:attachment":[{"href":"https:\/\/www.europesays.com\/fr\/wp-json\/wp\/v2\/media?parent=330317"}],"wp:term":[{"taxonomy":"category","embeddable":true,"href":"https:\/\/www.europesays.com\/fr\/wp-json\/wp\/v2\/categories?post=330317"},{"taxonomy":"post_tag","embeddable":true,"href":"https:\/\/www.europesays.com\/fr\/wp-json\/wp\/v2\/tags?post=330317"}],"curies":[{"name":"wp","href":"https:\/\/api.w.org\/{rel}","templated":true}]}}