{"id":330319,"date":"2025-08-19T23:07:11","date_gmt":"2025-08-19T23:07:11","guid":{"rendered":"https:\/\/www.europesays.com\/fr\/330319\/"},"modified":"2025-08-19T23:07:11","modified_gmt":"2025-08-19T23:07:11","slug":"previsions-du-mercredi-20-aout-2025","status":"publish","type":"post","link":"https:\/\/www.europesays.com\/fr\/330319\/","title":{"rendered":"pr\u00e9visions du mercredi 20 ao\u00fbt 2025"},"content":{"rendered":"<p>Aujourd&rsquo;hui, le soleil sera dissimul\u00e9 derri\u00e8re des nuages \u00e0 Strasbourg, o\u00f9 le temps sera maussade. Il faudra s&rsquo;attendre \u00e0 des perturbations, les Strasbourgeois se retrouveront sous des pluies \u00e9parses. Il va faire environ 20\u00b0C. Un vent de nord-ouest soufflera l\u00e9g\u00e8rement, avec 7 km\/h. Les maximales pourront atteindre 22\u00b0C dans la matin\u00e9e alors que les minimales seront de 19\u00b0C. L&rsquo;apr\u00e8s-midi, des nuages ne voudront pas faire place au soleil. Il fera 19\u00b0C en moyenne. La grisaille ne se disperse toujours pas, il va y avoir encore des nuages le soir. Intemp\u00e9ries : on pr\u00e9voit des pluies \u00e9parses. On pr\u00e9voit des temp\u00e9ratures d&rsquo;environ 18\u00b0C. Le passage de mercredi \u00e0 jeudi se fera sous un ciel d\u00e9pourvu de nuages.<\/p>\n<p>L&rsquo;arriv\u00e9e du soleil demain \u00e0 Strasbourg sera retard\u00e9e par un certain nombre de nuages. Une baisse des temp\u00e9ratures est \u00e0 pr\u00e9voir. Le thermom\u00e8tre affichera 16\u00b0C en moyenne. Un vent de sud-ouest rafra\u00eechira un peu l&rsquo;atmosph\u00e8re. Pour le matin, de la bruine l\u00e9g\u00e8re va tomber sur la ville. Les valeurs seront de 16\u00b0C au minimum et de 18\u00b0C au maximum. Demain apr\u00e8s-midi, des nuages \u00e9mailleront le ciel, retardant ainsi l&rsquo;apparition du soleil. Il va pleuvoir. Les temp\u00e9ratures s&rsquo;\u00e9chelonneront entre 16\u00b0C et 17\u00b0C. Un temps assez voil\u00e9 demain soir, avec l&rsquo;arriv\u00e9e de brouillard. Les valeurs seront comprises entre 15 et 17\u00b0C.<\/p>\n<p>Une am\u00e9lioration est pr\u00e9vue les jours qui suivent. Comptez sur 24\u00b0C en moyenne qui accompagneront des journ\u00e9es ensoleill\u00e9es.<\/p>\n<p><\/p>\n","protected":false},"excerpt":{"rendered":"Aujourd&rsquo;hui, le soleil sera dissimul\u00e9 derri\u00e8re des nuages \u00e0 Strasbourg, o\u00f9 le temps sera maussade. Il faudra s&rsquo;attendre&hellip;\n","protected":false},"author":2,"featured_media":330320,"comment_status":"","ping_status":"","sticky":false,"template":"","format":"standard","meta":{"footnotes":""},"categories":[2820],"tags":[1111,11,2389,2649,1777,674,1011,27,775,12,2119,25,640],"class_list":{"0":"post-330319","1":"post","2":"type-post","3":"status-publish","4":"format-standard","5":"has-post-thumbnail","7":"category-strasbourg","8":"tag-actu","9":"tag-actualites","10":"tag-alsace","11":"tag-bas-rhin","12":"tag-eu","13":"tag-europe","14":"tag-fr","15":"tag-france","16":"tag-grand-est","17":"tag-news","18":"tag-previsions-meteo","19":"tag-republique-francaise","20":"tag-strasbourg"},"share_on_mastodon":{"url":"https:\/\/pubeurope.com\/@fr\/115057947061646416","error":""},"_links":{"self":[{"href":"https:\/\/www.europesays.com\/fr\/wp-json\/wp\/v2\/posts\/330319","targetHints":{"allow":["GET"]}}],"collection":[{"href":"https:\/\/www.europesays.com\/fr\/wp-json\/wp\/v2\/posts"}],"about":[{"href":"https:\/\/www.europesays.com\/fr\/wp-json\/wp\/v2\/types\/post"}],"author":[{"embeddable":true,"href":"https:\/\/www.europesays.com\/fr\/wp-json\/wp\/v2\/users\/2"}],"replies":[{"embeddable":true,"href":"https:\/\/www.europesays.com\/fr\/wp-json\/wp\/v2\/comments?post=330319"}],"version-history":[{"count":0,"href":"https:\/\/www.europesays.com\/fr\/wp-json\/wp\/v2\/posts\/330319\/revisions"}],"wp:featuredmedia":[{"embeddable":true,"href":"https:\/\/www.europesays.com\/fr\/wp-json\/wp\/v2\/media\/330320"}],"wp:attachment":[{"href":"https:\/\/www.europesays.com\/fr\/wp-json\/wp\/v2\/media?parent=330319"}],"wp:term":[{"taxonomy":"category","embeddable":true,"href":"https:\/\/www.europesays.com\/fr\/wp-json\/wp\/v2\/categories?post=330319"},{"taxonomy":"post_tag","embeddable":true,"href":"https:\/\/www.europesays.com\/fr\/wp-json\/wp\/v2\/tags?post=330319"}],"curies":[{"name":"wp","href":"https:\/\/api.w.org\/{rel}","templated":true}]}}