{"id":330321,"date":"2025-08-19T23:08:19","date_gmt":"2025-08-19T23:08:19","guid":{"rendered":"https:\/\/www.europesays.com\/fr\/330321\/"},"modified":"2025-08-19T23:08:19","modified_gmt":"2025-08-19T23:08:19","slug":"rc-strasbourg-la-doublure-de-guela-doue-denichee-a-chelsea","status":"publish","type":"post","link":"https:\/\/www.europesays.com\/fr\/330321\/","title":{"rendered":"RC Strasbourg : la doublure de Gu\u00e9la Dou\u00e9 d\u00e9nich\u00e9e \u00e0 Chelsea ?"},"content":{"rendered":"<p>Le RC Strasbourg compte bien profiter des derniers jours du mercato pour continuer \u00e0 renforcer l\u2019effectif de Liam Rosenior. Le prochain objectif est de recruter une doublure \u00e0 Gu\u00e9la Dou\u00e9 au poste de lat\u00e9ral droit. Le club alsacien pourrait aller chercher du renfort du c\u00f4t\u00e9 de Chelsea, \u00e9galement d\u00e9tenu par le groupe BlueCo.<\/p>\n<p>Selon les informations de The Chelsea Spot, le RCSA aurait entam\u00e9 des discussions avec le club londonien concernant un \u00e9ventuel transfert de Genesis Antwi, jeune lat\u00e9ral droit de 18 ans \u00e9voluant chez les Blues. Consid\u00e9r\u00e9 comme un joueur \u00e0 fort potentiel, le d\u00e9fenseur s\u2019inscrirait pleinement dans la politique sportive mise en place par le consortium BlueCo au sein du club alsacien. De son c\u00f4t\u00e9, Genesis Antwi verrait d\u2019un bon \u0153il un d\u00e9part vers Strasbourg.<\/p>\n<p>Un transfert sec pour Genesis Antwi<\/p>\n<p>La piste d\u2019un pr\u00eat ne semble pas envisageable. Le r\u00e8glement interdit en effet \u00e0 un club de pr\u00eater plus de trois joueurs \u00e0 la m\u00eame \u00e9quipe. Or, le RC Strasbourg compte d\u00e9j\u00e0 cette saison Mamadou Sarr, Mike Penders et Kendry P\u00e1ez dans ses rangs, pr\u00eat\u00e9s par Chelsea. L\u2019op\u00e9ration, si elle venait \u00e0 aboutir, prendrait donc la forme d\u2019un transfert d\u00e9finitif, possiblement assorti d\u2019une clause de rachat en faveur des Blues.<\/p>\n","protected":false},"excerpt":{"rendered":"Le RC Strasbourg compte bien profiter des derniers jours du mercato pour continuer \u00e0 renforcer l\u2019effectif de Liam&hellip;\n","protected":false},"author":2,"featured_media":330322,"comment_status":"","ping_status":"","sticky":false,"template":"","format":"standard","meta":{"footnotes":""},"categories":[2820],"tags":[1111,11,1777,674,1011,27,775,12,25,640],"class_list":{"0":"post-330321","1":"post","2":"type-post","3":"status-publish","4":"format-standard","5":"has-post-thumbnail","7":"category-strasbourg","8":"tag-actu","9":"tag-actualites","10":"tag-eu","11":"tag-europe","12":"tag-fr","13":"tag-france","14":"tag-grand-est","15":"tag-news","16":"tag-republique-francaise","17":"tag-strasbourg"},"share_on_mastodon":{"url":"https:\/\/pubeurope.com\/@fr\/115057951021703485","error":""},"_links":{"self":[{"href":"https:\/\/www.europesays.com\/fr\/wp-json\/wp\/v2\/posts\/330321","targetHints":{"allow":["GET"]}}],"collection":[{"href":"https:\/\/www.europesays.com\/fr\/wp-json\/wp\/v2\/posts"}],"about":[{"href":"https:\/\/www.europesays.com\/fr\/wp-json\/wp\/v2\/types\/post"}],"author":[{"embeddable":true,"href":"https:\/\/www.europesays.com\/fr\/wp-json\/wp\/v2\/users\/2"}],"replies":[{"embeddable":true,"href":"https:\/\/www.europesays.com\/fr\/wp-json\/wp\/v2\/comments?post=330321"}],"version-history":[{"count":0,"href":"https:\/\/www.europesays.com\/fr\/wp-json\/wp\/v2\/posts\/330321\/revisions"}],"wp:featuredmedia":[{"embeddable":true,"href":"https:\/\/www.europesays.com\/fr\/wp-json\/wp\/v2\/media\/330322"}],"wp:attachment":[{"href":"https:\/\/www.europesays.com\/fr\/wp-json\/wp\/v2\/media?parent=330321"}],"wp:term":[{"taxonomy":"category","embeddable":true,"href":"https:\/\/www.europesays.com\/fr\/wp-json\/wp\/v2\/categories?post=330321"},{"taxonomy":"post_tag","embeddable":true,"href":"https:\/\/www.europesays.com\/fr\/wp-json\/wp\/v2\/tags?post=330321"}],"curies":[{"name":"wp","href":"https:\/\/api.w.org\/{rel}","templated":true}]}}